{"id":292984,"date":"2016-02-05T16:43:00","date_gmt":"2016-02-05T21:43:00","guid":{"rendered":"https:\/\/policyoptions.irpp.org\/2016\/02\/trois-mesures-que-peut-prendre-le-federal-pour-ameliorer-le-regime-enregistre-depargne-invalidite\/"},"modified":"2025-08-28T15:25:17","modified_gmt":"2025-08-28T19:25:17","slug":"trois-mesures-que-peut-prendre-le-federal-pour-ameliorer-le-regime-enregistre-depargne-invalidite","status":"publish","type":"post","link":"https:\/\/policyoptions.irpp.org\/fr\/2016\/02\/trois-mesures-que-peut-prendre-le-federal-pour-ameliorer-le-regime-enregistre-depargne-invalidite\/","title":{"rendered":"Trois mesures que peut prendre le f\u00e9d\u00e9ral pour am\u00e9liorer le r\u00e9gime enregistr\u00e9 d\u2019\u00e9pargne-invalidit\u00e9"},"content":{"rendered":"<p>&nbsp;<\/p>\n<p>Bon nombre d\u2019entre nous qui \u0153uvrons dans le milieu avons \u00e9t\u00e9 agr\u00e9ablement surpris d\u2019apprendre que <a href=\"https:\/\/www.liberal.ca\/files\/2015\/10\/Le-bon-plan-pour-renforcer-la-classe-moyenne.pdf\">le parti lib\u00e9ral avait promis<\/a> d\u2019adopter une loi nationale sur les handicaps afin de prot\u00e9ger les droits des personnes handicap\u00e9es, d\u2019aplanir les obstacles syst\u00e9miques et de promouvoir l\u2019\u00e9galit\u00e9 ds chances. L\u2019absence de loi \u00e0 cet \u00e9gard est <a href=\"https:\/\/barrierfreecanada.org\/accueil\/\">une aberration<\/a> lorsqu\u2019on se compare aux autres pays d\u00e9velopp\u00e9s \u2013 <a href=\"https:\/\/www.theglobeandmail.com\/globe-debate\/its-well-past-time-for-a-canadians-with-disabilities-act\/article25904732\/\">les \u00c9tats-Unis ont adopt\u00e9 la leur il y a 25 ans<\/a> \u2013, si bien que l\u2019on peut dire que l\u2019annonce n\u2019arrive pas trop t\u00f4t.<\/p>\n<p>Au cours des dix\u00a0ann\u00e9es o\u00f9 ils ont d\u00e9tenu le pouvoir, les conservateurs ont adopt\u00e9 n\u00e9anmoins quelques mesures de leur cru qu\u2019on peut qualifier de bonnes pour l\u2019ensemble des personnes handicap\u00e9es, dont la plus remarquable est le <a href=\"https:\/\/www.cra-arc.gc.ca\/tx\/ndvdls\/tpcs\/rdsp-reei\/menu-fra.html\">r\u00e9gime enregistr\u00e9 d\u2019\u00e9pargne-invalidit\u00e9 (REEI)<\/a>.<\/p>\n<p>Le projet, <a href=\"https:\/\/www.rdsp.com\/tutorial\/a-bit-of-history\/\">fruit des travaux<\/a> du Planned Lifetime Advocacy Network (PLAN), un organisme \u00e0 but non lucratif, avait \u00e9t\u00e9 mis de l\u2019avant par feu Jim Flaherty, ancien ministre des Finances, qui l\u2019avait concr\u00e9tis\u00e9 dans son budget de 2007. Celui\u2011ci avait une exp\u00e9rience directe du handicap, <a href=\"https:\/\/www.thestar.com\/business\/personal_finance\/2012\/05\/27\/finding_jobs_for_disabled_canadians.html\">l\u2019un de ses fils<\/a> ayant contract\u00e9 \u00e0 un tr\u00e8s jeune \u00e2ge une enc\u00e9phalite qui avait entra\u00een\u00e9 des cons\u00e9quences \u00e0 long terme sur sa sant\u00e9.<\/p>\n<p>Le REEI repr\u00e9sente l\u2019h\u00e9ritage laiss\u00e9 par Jim Flaherty \u00e0 ses concitoyens qui vivent avec un handicap. Il s\u2019agit toujours d\u2019un programme essentiel et tr\u00e8s utile \u2012 du moins en th\u00e9orie.<\/p>\n<p>Selon une <a href=\"https:\/\/www.parl.gc.ca\/Content\/SEN\/Committee\/412\/banc\/rep\/rep03mar14-f.pdf\">\u00e9tude publi\u00e9e en 2014<\/a>, seulement 15\u00a0% des Canadiens admissibles participent au programme, ce qui signifie que pr\u00e8s d\u2019un demi-million de personnes ne s\u2019en pr\u00e9valent pas. Avec la <a href=\"https:\/\/www.cbc.ca\/news\/canada\/british-columbia\/autism-teens-residence-tsunami-care-lack-of-1.3309653\">vague d\u2019adolescents autistes<\/a> qui atteindront l\u2019\u00e2ge adulte dans les ann\u00e9es \u00e0 venir, l\u2019id\u00e9e d\u2019aider leurs familles \u00e0 s\u2019aider elles-m\u00eames n\u2019a jamais sembl\u00e9 d\u2019une aussi grande actualit\u00e9.<\/p>\n<p>En quoi consiste le programme et que peut-on faire pour l\u2019am\u00e9liorer?<\/p>\n<p>Le REEI est un r\u00e9gime d\u2019\u00e9pargne visant \u00e0 aider les parents et les personnes qui s\u2019occupent d\u2019une personne handicap\u00e9e \u00e0 mettre de l\u2019argent de c\u00f4t\u00e9 dans le but d\u2019assurer sa s\u00e9curit\u00e9 financi\u00e8re \u00e0 long terme. Une partie des sommes sont vers\u00e9es directement au r\u00e9gime par le f\u00e9d\u00e9ral; c\u2019est de l\u2019argent gratuit, en somme.<\/p>\n<p>Les cotisations individuelles vers\u00e9es dans un REEI sont compl\u00e9ment\u00e9es par une subvention ainsi qu\u2019un bon (vers\u00e9s par le f\u00e9d\u00e9ral). La subvention, qui peut atteindre jusqu\u2019\u00e0 3500\u00a0$ par an, est calcul\u00e9e selon le revenu familial et le montant de la cotisation du particulier au REEI. Le calcul du bon est bas\u00e9 uniquement sur le revenu familial (aucun bon n\u2019est accord\u00e9 si celui\u2011ci d\u00e9passe 44\u00a0701\u00a0$); le montant peut atteindre jusqu\u2019\u00e0 1000\u00a0$ par an.<\/p>\n<p>La limite \u00e0 vie de la subvention que peut recevoir un b\u00e9n\u00e9ficiaire gr\u00e2ce au REEI est fix\u00e9e \u00e0 70\u00a0000\u00a0$; celle du don, \u00e0 20\u00a0000\u00a0$ pour les b\u00e9n\u00e9ficiaires admissibles.<\/p>\n<p>Dans ce cas, comment expliquer que le nombre de cotisants \u00e0 un REEI soit si faible? En 2014, un <a href=\"https:\/\/www.parl.gc.ca\/Content\/SEN\/Committee\/412\/banc\/rep\/rep03mar14-f.pdf\">comit\u00e9 s\u00e9natorial interpartis<\/a> a entrepris une \u00e9tude pour se pencher justement sur cette question. Il serait temps que notre nouveau gouvernement d\u00e9poussi\u00e8re le rapport qui en d\u00e9coule et mette en \u0153uvre certaines des recommandations qu\u2019il renferme.<\/p>\n<p>Voici trois mesures que le f\u00e9d\u00e9ral pourrait instaurer rapidement en vue d\u2019am\u00e9liorer le REEI et venir imm\u00e9diatement en aide aux familles touch\u00e9es par le handicap\u00a0:<\/p>\n<p>&nbsp;<\/p>\n<ol>\n<li><strong><a href=\"https:\/\/www.parl.gc.ca\/Content\/SEN\/Committee\/412\/banc\/rep\/rep03mar14-f.pdf\">\u00c9tablir automatiquement un REEI<\/a> au nom des personnes qui deviennent admissibles au cr\u00e9dit d\u2019imp\u00f4t pour personnes handicap\u00e9es.<\/strong><\/li>\n<\/ol>\n<p>Lorsque j\u2019ai ouvert un compte REEI au nom de mon fils, on m\u2019a demand\u00e9 de fournir son certificat pour le cr\u00e9dit d\u2019imp\u00f4t pour personnes handicap\u00e9es, son num\u00e9ro d\u2019assurance sociale ainsi qu\u2019une preuve d\u2019\u00e2ge et de r\u00e9sidence au Canada. Toute cette paperasse peut d\u00e9courager les personnes qui manquent de temps, ne ma\u00eetrisent pas la langue ou ont un faible degr\u00e9 de scolarit\u00e9.<\/p>\n<p>&nbsp;<\/p>\n<ol start=\"2\">\n<li><strong>Dans l\u2019int\u00e9rim, faire la promotion du programme et en expliquer le fonctionnement.<\/strong><\/li>\n<\/ol>\n<p>Je rencontre souvent des familles qui n\u2019ont jamais entendu parler du REEI ou qui ne savent pas comment s\u2019inscrire. D\u2019autres m\u2019ont dit qu\u2019ils ne disposaient pas de fonds suffisants, sans savoir qu\u2019ils sont admissibles aux sommes vers\u00e9es gratuitement par le gouvernement simplement en ouvrant un compte, sans avoir \u00e0 y verser un sou.<\/p>\n<p>Les auteurs du rapport s\u00e9natorial recommandent au gouvernement de s\u2019associer avec les groupes de d\u00e9fense des personnes handicap\u00e9es pour faire conna\u00eetre le programme. Une proposition sens\u00e9e, puisque ce sont souvent les associations \u00e0 but non lucratif qui interviennent aupr\u00e8s des familles en premi\u00e8re ligne. Elles savent comment les joindre et peuvent les assister dans leurs d\u00e9marches administratives.<\/p>\n<p>Une autre avenue prometteuse consisterait \u00e0 demander aux professionnels de la sant\u00e9 d\u2019intervenir directement aupr\u00e8s de leurs patients. R\u00e9cemment, une coalition de prestataires de soins, de chercheurs et d\u2019associations en <a href=\"https:\/\/ocfp.on.ca\/docs\/default-source\/poverty-tool\/patient-brochure-on-income-supports-2013.pdf?sfvrsn=2\">Ontario<\/a> et au Manitoba a con\u00e7u une <a href=\"https:\/\/www.gov.mb.ca\/health\/primarycare\/providers\/povertytool.html\"><em>trousse d\u2019outils<\/em><\/a> destin\u00e9e \u00e0 aider les patients \u00e0 am\u00e9liorer leur situation financi\u00e8re \u2012 et leur \u00e9tat de sant\u00e9 par le fait m\u00eame \u2012, en les renseignant sur les prestations auxquelles ils pourraient avoir droit.<\/p>\n<p>&nbsp;<\/p>\n<ol start=\"3\">\n<li><strong>Faciliter le versement de cotisations au REEI par l\u2019entourage du b\u00e9n\u00e9ficiaire<\/strong><\/li>\n<\/ol>\n<p>Cette recommandation ne figure pas dans le rapport du S\u00e9nat; elle se fonde sur ma propre exp\u00e9rience et celle d\u2019autres personnes que je connais dans le milieu. Si vous avez un enfant handicap\u00e9, il n\u2019est pas toujours facile de se constituer un p\u00e9cule. Les anniversaires et d\u2019autres \u00e9v\u00e9nements du m\u00eame genre peuvent constituer une occasion pour l\u2019entourage de contribuer de fa\u00e7on tangible \u00e0 l\u2019avenir d\u2019un \u00eatre cher.<\/p>\n<p>Les institutions financi\u00e8res pourraient collaborer avec le f\u00e9d\u00e9ral afin de trouver un moyen, pour les particuliers non titulaires d\u2019un compte, de verser des sommes modestes ou importantes au REEI d\u2019un b\u00e9n\u00e9ficiaire (il est possible de le faire, en principe, mais dans la pratique, cela est presque impossible dans certains r\u00e9gimes). Apr\u00e8s tout, il faut une collectivit\u00e9 pour \u00e9lever un enfant.<\/p>\n<p>Le REEI est ind\u00e9niablement un excellent programme, aussi n\u00e9cessaire aujourd\u2019hui que lors de sa cr\u00e9ation. Il ne reste plus qu\u2019\u00e0 lui donner les ailes n\u00e9cessaires pour qu\u2019il prenne son envol.<\/p>\n<p>&nbsp;<\/p>\n<p>&nbsp;<\/p>\n","protected":false},"excerpt":{"rendered":"<p>&nbsp; Bon nombre d\u2019entre nous qui \u0153uvrons dans le milieu avons \u00e9t\u00e9 agr\u00e9ablement surpris d\u2019apprendre que le parti lib\u00e9ral avait promis d\u2019adopter une loi nationale sur les handicaps afin de prot\u00e9ger les droits des personnes handicap\u00e9es, d\u2019aplanir les obstacles syst\u00e9miques et de promouvoir l\u2019\u00e9galit\u00e9 ds chances. L\u2019absence de loi \u00e0 cet \u00e9gard est une aberration [&hellip;]<\/p>\n","protected":false},"author":913,"featured_media":292801,"comment_status":"closed","ping_status":"closed","sticky":false,"template":"","format":"standard","meta":{"_acf_changed":false,"content-type":"","ep_exclude_from_search":false,"footnotes":""},"categories":[],"tags":[],"article-status":[],"irpp-category":[],"section":[],"irpp-tag":[],"class_list":["post-292984","post","type-post","status-publish","format-standard","has-post-thumbnail","hentry"],"acf":[],"yoast_head":"<!-- This site is optimized with the Yoast SEO plugin v27.4 - https:\/\/yoast.com\/product\/yoast-seo-wordpress\/ -->\n<title>Trois mesures que peut prendre le f\u00e9d\u00e9ral pour am\u00e9liorer le r\u00e9gime enregistr\u00e9 d\u2019\u00e9pargne-invalidit\u00e9<\/title>\n<meta name=\"robots\" content=\"index, follow, max-snippet:-1, max-image-preview:large, max-video-preview:-1\" \/>\n<link rel=\"canonical\" href=\"https:\/\/policyoptions.irpp.org\/fr\/2016\/02\/trois-mesures-que-peut-prendre-le-federal-pour-ameliorer-le-regime-enregistre-depargne-invalidite\/\" \/>\n<meta property=\"og:locale\" content=\"fr_FR\" \/>\n<meta property=\"og:type\" content=\"article\" \/>\n<meta property=\"og:title\" content=\"Trois mesures que peut prendre le f\u00e9d\u00e9ral pour am\u00e9liorer le r\u00e9gime enregistr\u00e9 d\u2019\u00e9pargne-invalidit\u00e9\" \/>\n<meta property=\"og:description\" content=\"&nbsp; Bon nombre d\u2019entre nous qui \u0153uvrons dans le milieu avons \u00e9t\u00e9 agr\u00e9ablement surpris d\u2019apprendre que le parti lib\u00e9ral avait promis d\u2019adopter une loi nationale sur les handicaps afin de prot\u00e9ger les droits des personnes handicap\u00e9es, d\u2019aplanir les obstacles syst\u00e9miques et de promouvoir l\u2019\u00e9galit\u00e9 ds chances. L\u2019absence de loi \u00e0 cet \u00e9gard est une aberration [&hellip;]\" \/>\n<meta property=\"og:url\" content=\"https:\/\/policyoptions.irpp.org\/fr\/2016\/02\/trois-mesures-que-peut-prendre-le-federal-pour-ameliorer-le-regime-enregistre-depargne-invalidite\/\" \/>\n<meta property=\"og:site_name\" content=\"Policy Options\" \/>\n<meta property=\"article:publisher\" content=\"https:\/\/www.facebook.com\/IRPP.org\" \/>\n<meta property=\"article:published_time\" content=\"2016-02-05T21:43:00+00:00\" \/>\n<meta property=\"article:modified_time\" content=\"2025-08-28T19:25:17+00:00\" \/>\n<meta property=\"og:image\" content=\"https:\/\/policyoptions.irpp.org\/wp-content\/uploads\/2025\/08\/ramp2-1920x672.png\" \/>\n\t<meta property=\"og:image:width\" content=\"1920\" \/>\n\t<meta property=\"og:image:height\" content=\"672\" \/>\n\t<meta property=\"og:image:type\" content=\"image\/png\" \/>\n<meta name=\"author\" content=\"vkurzawa\" \/>\n<meta name=\"twitter:card\" content=\"summary_large_image\" \/>\n<meta name=\"twitter:creator\" content=\"@irpp\" \/>\n<meta name=\"twitter:site\" content=\"@irpp\" \/>\n<meta name=\"twitter:label1\" content=\"Written by\" \/>\n\t<meta name=\"twitter:data1\" content=\"vkurzawa\" \/>\n\t<meta name=\"twitter:label2\" content=\"Est. reading time\" \/>\n\t<meta name=\"twitter:data2\" content=\"6 minutes\" \/>\n<script type=\"application\/ld+json\" class=\"yoast-schema-graph\">{\"@context\":\"https:\\\/\\\/schema.org\",\"@graph\":[{\"@type\":\"NewsArticle\",\"@id\":\"https:\\\/\\\/policyoptions.irpp.org\\\/fr\\\/2016\\\/02\\\/trois-mesures-que-peut-prendre-le-federal-pour-ameliorer-le-regime-enregistre-depargne-invalidite\\\/#article\",\"isPartOf\":{\"@id\":\"https:\\\/\\\/policyoptions.irpp.org\\\/fr\\\/2016\\\/02\\\/trois-mesures-que-peut-prendre-le-federal-pour-ameliorer-le-regime-enregistre-depargne-invalidite\\\/\"},\"author\":{\"name\":\"vkurzawa\",\"@id\":\"https:\\\/\\\/policyoptions.irpp.org\\\/fr\\\/#\\\/schema\\\/person\\\/caa28d6bbc41d147877478e79aa84e6e\"},\"headline\":\"Trois mesures que peut prendre le f\u00e9d\u00e9ral pour am\u00e9liorer le r\u00e9gime enregistr\u00e9 d\u2019\u00e9pargne-invalidit\u00e9\",\"datePublished\":\"2016-02-05T21:43:00+00:00\",\"dateModified\":\"2025-08-28T19:25:17+00:00\",\"mainEntityOfPage\":{\"@id\":\"https:\\\/\\\/policyoptions.irpp.org\\\/fr\\\/2016\\\/02\\\/trois-mesures-que-peut-prendre-le-federal-pour-ameliorer-le-regime-enregistre-depargne-invalidite\\\/\"},\"wordCount\":1131,\"image\":{\"@id\":\"https:\\\/\\\/policyoptions.irpp.org\\\/fr\\\/2016\\\/02\\\/trois-mesures-que-peut-prendre-le-federal-pour-ameliorer-le-regime-enregistre-depargne-invalidite\\\/#primaryimage\"},\"thumbnailUrl\":\"https:\\\/\\\/policyoptions.irpp.org\\\/wp-content\\\/uploads\\\/2025\\\/08\\\/ramp2.png\",\"inLanguage\":\"fr-FR\"},{\"@type\":\"WebPage\",\"@id\":\"https:\\\/\\\/policyoptions.irpp.org\\\/fr\\\/2016\\\/02\\\/trois-mesures-que-peut-prendre-le-federal-pour-ameliorer-le-regime-enregistre-depargne-invalidite\\\/\",\"url\":\"https:\\\/\\\/policyoptions.irpp.org\\\/fr\\\/2016\\\/02\\\/trois-mesures-que-peut-prendre-le-federal-pour-ameliorer-le-regime-enregistre-depargne-invalidite\\\/\",\"name\":\"Trois mesures que peut prendre le f\u00e9d\u00e9ral pour am\u00e9liorer le r\u00e9gime enregistr\u00e9 d\u2019\u00e9pargne-invalidit\u00e9\",\"isPartOf\":{\"@id\":\"https:\\\/\\\/policyoptions.irpp.org\\\/fr\\\/#website\"},\"primaryImageOfPage\":{\"@id\":\"https:\\\/\\\/policyoptions.irpp.org\\\/fr\\\/2016\\\/02\\\/trois-mesures-que-peut-prendre-le-federal-pour-ameliorer-le-regime-enregistre-depargne-invalidite\\\/#primaryimage\"},\"image\":{\"@id\":\"https:\\\/\\\/policyoptions.irpp.org\\\/fr\\\/2016\\\/02\\\/trois-mesures-que-peut-prendre-le-federal-pour-ameliorer-le-regime-enregistre-depargne-invalidite\\\/#primaryimage\"},\"thumbnailUrl\":\"https:\\\/\\\/policyoptions.irpp.org\\\/wp-content\\\/uploads\\\/2025\\\/08\\\/ramp2.png\",\"datePublished\":\"2016-02-05T21:43:00+00:00\",\"dateModified\":\"2025-08-28T19:25:17+00:00\",\"author\":{\"@id\":\"https:\\\/\\\/policyoptions.irpp.org\\\/fr\\\/#\\\/schema\\\/person\\\/caa28d6bbc41d147877478e79aa84e6e\"},\"breadcrumb\":{\"@id\":\"https:\\\/\\\/policyoptions.irpp.org\\\/fr\\\/2016\\\/02\\\/trois-mesures-que-peut-prendre-le-federal-pour-ameliorer-le-regime-enregistre-depargne-invalidite\\\/#breadcrumb\"},\"inLanguage\":\"fr-FR\",\"potentialAction\":[{\"@type\":\"ReadAction\",\"target\":[\"https:\\\/\\\/policyoptions.irpp.org\\\/fr\\\/2016\\\/02\\\/trois-mesures-que-peut-prendre-le-federal-pour-ameliorer-le-regime-enregistre-depargne-invalidite\\\/\"]}]},{\"@type\":\"ImageObject\",\"inLanguage\":\"fr-FR\",\"@id\":\"https:\\\/\\\/policyoptions.irpp.org\\\/fr\\\/2016\\\/02\\\/trois-mesures-que-peut-prendre-le-federal-pour-ameliorer-le-regime-enregistre-depargne-invalidite\\\/#primaryimage\",\"url\":\"https:\\\/\\\/policyoptions.irpp.org\\\/wp-content\\\/uploads\\\/2025\\\/08\\\/ramp2.png\",\"contentUrl\":\"https:\\\/\\\/policyoptions.irpp.org\\\/wp-content\\\/uploads\\\/2025\\\/08\\\/ramp2.png\",\"width\":2000,\"height\":700},{\"@type\":\"BreadcrumbList\",\"@id\":\"https:\\\/\\\/policyoptions.irpp.org\\\/fr\\\/2016\\\/02\\\/trois-mesures-que-peut-prendre-le-federal-pour-ameliorer-le-regime-enregistre-depargne-invalidite\\\/#breadcrumb\",\"itemListElement\":[{\"@type\":\"ListItem\",\"position\":1,\"name\":\"Home\",\"item\":\"https:\\\/\\\/policyoptions.irpp.org\\\/fr\\\/\"},{\"@type\":\"ListItem\",\"position\":2,\"name\":\"Trois mesures que peut prendre le f\u00e9d\u00e9ral pour am\u00e9liorer le r\u00e9gime enregistr\u00e9 d\u2019\u00e9pargne-invalidit\u00e9\"}]},{\"@type\":\"WebSite\",\"@id\":\"https:\\\/\\\/policyoptions.irpp.org\\\/fr\\\/#website\",\"url\":\"https:\\\/\\\/policyoptions.irpp.org\\\/fr\\\/\",\"name\":\"Policy Options\",\"description\":\"Institute for Research on Public Policy\",\"potentialAction\":[{\"@type\":\"SearchAction\",\"target\":{\"@type\":\"EntryPoint\",\"urlTemplate\":\"https:\\\/\\\/policyoptions.irpp.org\\\/fr\\\/?s={search_term_string}\"},\"query-input\":{\"@type\":\"PropertyValueSpecification\",\"valueRequired\":true,\"valueName\":\"search_term_string\"}}],\"inLanguage\":\"fr-FR\"},{\"@type\":\"Person\",\"@id\":\"https:\\\/\\\/policyoptions.irpp.org\\\/fr\\\/#\\\/schema\\\/person\\\/caa28d6bbc41d147877478e79aa84e6e\",\"name\":\"vkurzawa\",\"image\":{\"@type\":\"ImageObject\",\"inLanguage\":\"fr-FR\",\"@id\":\"https:\\\/\\\/secure.gravatar.com\\\/avatar\\\/000fc191cb4be23411c2528f5429f16b0d72633aac55540779eff4743edb6867?s=96&d=https%3A%2F%2Fpolicyoptions.irpp.org%2Fwp-content%2Fthemes%2Fsimone-blog%2Fimages%2Fmysteryman.png&r=g\",\"url\":\"https:\\\/\\\/secure.gravatar.com\\\/avatar\\\/000fc191cb4be23411c2528f5429f16b0d72633aac55540779eff4743edb6867?s=96&d=https%3A%2F%2Fpolicyoptions.irpp.org%2Fwp-content%2Fthemes%2Fsimone-blog%2Fimages%2Fmysteryman.png&r=g\",\"contentUrl\":\"https:\\\/\\\/secure.gravatar.com\\\/avatar\\\/000fc191cb4be23411c2528f5429f16b0d72633aac55540779eff4743edb6867?s=96&d=https%3A%2F%2Fpolicyoptions.irpp.org%2Fwp-content%2Fthemes%2Fsimone-blog%2Fimages%2Fmysteryman.png&r=g\",\"caption\":\"vkurzawa\"},\"url\":\"https:\\\/\\\/policyoptions.irpp.org\\\/fr\\\/author\\\/vkurzawa\\\/\"}]}<\/script>\n<!-- \/ Yoast SEO plugin. -->","yoast_head_json":{"title":"Trois mesures que peut prendre le f\u00e9d\u00e9ral pour am\u00e9liorer le r\u00e9gime enregistr\u00e9 d\u2019\u00e9pargne-invalidit\u00e9","robots":{"index":"index","follow":"follow","max-snippet":"max-snippet:-1","max-image-preview":"max-image-preview:large","max-video-preview":"max-video-preview:-1"},"canonical":"https:\/\/policyoptions.irpp.org\/fr\/2016\/02\/trois-mesures-que-peut-prendre-le-federal-pour-ameliorer-le-regime-enregistre-depargne-invalidite\/","og_locale":"fr_FR","og_type":"article","og_title":"Trois mesures que peut prendre le f\u00e9d\u00e9ral pour am\u00e9liorer le r\u00e9gime enregistr\u00e9 d\u2019\u00e9pargne-invalidit\u00e9","og_description":"&nbsp; Bon nombre d\u2019entre nous qui \u0153uvrons dans le milieu avons \u00e9t\u00e9 agr\u00e9ablement surpris d\u2019apprendre que le parti lib\u00e9ral avait promis d\u2019adopter une loi nationale sur les handicaps afin de prot\u00e9ger les droits des personnes handicap\u00e9es, d\u2019aplanir les obstacles syst\u00e9miques et de promouvoir l\u2019\u00e9galit\u00e9 ds chances. L\u2019absence de loi \u00e0 cet \u00e9gard est une aberration [&hellip;]","og_url":"https:\/\/policyoptions.irpp.org\/fr\/2016\/02\/trois-mesures-que-peut-prendre-le-federal-pour-ameliorer-le-regime-enregistre-depargne-invalidite\/","og_site_name":"Policy Options","article_publisher":"https:\/\/www.facebook.com\/IRPP.org","article_published_time":"2016-02-05T21:43:00+00:00","article_modified_time":"2025-08-28T19:25:17+00:00","og_image":[{"width":1920,"height":672,"url":"https:\/\/policyoptions.irpp.org\/wp-content\/uploads\/2025\/08\/ramp2-1920x672.png","type":"image\/png"}],"author":"vkurzawa","twitter_card":"summary_large_image","twitter_creator":"@irpp","twitter_site":"@irpp","twitter_misc":{"Written by":"vkurzawa","Est. reading time":"6 minutes"},"schema":{"@context":"https:\/\/schema.org","@graph":[{"@type":"NewsArticle","@id":"https:\/\/policyoptions.irpp.org\/fr\/2016\/02\/trois-mesures-que-peut-prendre-le-federal-pour-ameliorer-le-regime-enregistre-depargne-invalidite\/#article","isPartOf":{"@id":"https:\/\/policyoptions.irpp.org\/fr\/2016\/02\/trois-mesures-que-peut-prendre-le-federal-pour-ameliorer-le-regime-enregistre-depargne-invalidite\/"},"author":{"name":"vkurzawa","@id":"https:\/\/policyoptions.irpp.org\/fr\/#\/schema\/person\/caa28d6bbc41d147877478e79aa84e6e"},"headline":"Trois mesures que peut prendre le f\u00e9d\u00e9ral pour am\u00e9liorer le r\u00e9gime enregistr\u00e9 d\u2019\u00e9pargne-invalidit\u00e9","datePublished":"2016-02-05T21:43:00+00:00","dateModified":"2025-08-28T19:25:17+00:00","mainEntityOfPage":{"@id":"https:\/\/policyoptions.irpp.org\/fr\/2016\/02\/trois-mesures-que-peut-prendre-le-federal-pour-ameliorer-le-regime-enregistre-depargne-invalidite\/"},"wordCount":1131,"image":{"@id":"https:\/\/policyoptions.irpp.org\/fr\/2016\/02\/trois-mesures-que-peut-prendre-le-federal-pour-ameliorer-le-regime-enregistre-depargne-invalidite\/#primaryimage"},"thumbnailUrl":"https:\/\/policyoptions.irpp.org\/wp-content\/uploads\/2025\/08\/ramp2.png","inLanguage":"fr-FR"},{"@type":"WebPage","@id":"https:\/\/policyoptions.irpp.org\/fr\/2016\/02\/trois-mesures-que-peut-prendre-le-federal-pour-ameliorer-le-regime-enregistre-depargne-invalidite\/","url":"https:\/\/policyoptions.irpp.org\/fr\/2016\/02\/trois-mesures-que-peut-prendre-le-federal-pour-ameliorer-le-regime-enregistre-depargne-invalidite\/","name":"Trois mesures que peut prendre le f\u00e9d\u00e9ral pour am\u00e9liorer le r\u00e9gime enregistr\u00e9 d\u2019\u00e9pargne-invalidit\u00e9","isPartOf":{"@id":"https:\/\/policyoptions.irpp.org\/fr\/#website"},"primaryImageOfPage":{"@id":"https:\/\/policyoptions.irpp.org\/fr\/2016\/02\/trois-mesures-que-peut-prendre-le-federal-pour-ameliorer-le-regime-enregistre-depargne-invalidite\/#primaryimage"},"image":{"@id":"https:\/\/policyoptions.irpp.org\/fr\/2016\/02\/trois-mesures-que-peut-prendre-le-federal-pour-ameliorer-le-regime-enregistre-depargne-invalidite\/#primaryimage"},"thumbnailUrl":"https:\/\/policyoptions.irpp.org\/wp-content\/uploads\/2025\/08\/ramp2.png","datePublished":"2016-02-05T21:43:00+00:00","dateModified":"2025-08-28T19:25:17+00:00","author":{"@id":"https:\/\/policyoptions.irpp.org\/fr\/#\/schema\/person\/caa28d6bbc41d147877478e79aa84e6e"},"breadcrumb":{"@id":"https:\/\/policyoptions.irpp.org\/fr\/2016\/02\/trois-mesures-que-peut-prendre-le-federal-pour-ameliorer-le-regime-enregistre-depargne-invalidite\/#breadcrumb"},"inLanguage":"fr-FR","potentialAction":[{"@type":"ReadAction","target":["https:\/\/policyoptions.irpp.org\/fr\/2016\/02\/trois-mesures-que-peut-prendre-le-federal-pour-ameliorer-le-regime-enregistre-depargne-invalidite\/"]}]},{"@type":"ImageObject","inLanguage":"fr-FR","@id":"https:\/\/policyoptions.irpp.org\/fr\/2016\/02\/trois-mesures-que-peut-prendre-le-federal-pour-ameliorer-le-regime-enregistre-depargne-invalidite\/#primaryimage","url":"https:\/\/policyoptions.irpp.org\/wp-content\/uploads\/2025\/08\/ramp2.png","contentUrl":"https:\/\/policyoptions.irpp.org\/wp-content\/uploads\/2025\/08\/ramp2.png","width":2000,"height":700},{"@type":"BreadcrumbList","@id":"https:\/\/policyoptions.irpp.org\/fr\/2016\/02\/trois-mesures-que-peut-prendre-le-federal-pour-ameliorer-le-regime-enregistre-depargne-invalidite\/#breadcrumb","itemListElement":[{"@type":"ListItem","position":1,"name":"Home","item":"https:\/\/policyoptions.irpp.org\/fr\/"},{"@type":"ListItem","position":2,"name":"Trois mesures que peut prendre le f\u00e9d\u00e9ral pour am\u00e9liorer le r\u00e9gime enregistr\u00e9 d\u2019\u00e9pargne-invalidit\u00e9"}]},{"@type":"WebSite","@id":"https:\/\/policyoptions.irpp.org\/fr\/#website","url":"https:\/\/policyoptions.irpp.org\/fr\/","name":"Policy Options","description":"Institute for Research on Public Policy","potentialAction":[{"@type":"SearchAction","target":{"@type":"EntryPoint","urlTemplate":"https:\/\/policyoptions.irpp.org\/fr\/?s={search_term_string}"},"query-input":{"@type":"PropertyValueSpecification","valueRequired":true,"valueName":"search_term_string"}}],"inLanguage":"fr-FR"},{"@type":"Person","@id":"https:\/\/policyoptions.irpp.org\/fr\/#\/schema\/person\/caa28d6bbc41d147877478e79aa84e6e","name":"vkurzawa","image":{"@type":"ImageObject","inLanguage":"fr-FR","@id":"https:\/\/secure.gravatar.com\/avatar\/000fc191cb4be23411c2528f5429f16b0d72633aac55540779eff4743edb6867?s=96&d=https%3A%2F%2Fpolicyoptions.irpp.org%2Fwp-content%2Fthemes%2Fsimone-blog%2Fimages%2Fmysteryman.png&r=g","url":"https:\/\/secure.gravatar.com\/avatar\/000fc191cb4be23411c2528f5429f16b0d72633aac55540779eff4743edb6867?s=96&d=https%3A%2F%2Fpolicyoptions.irpp.org%2Fwp-content%2Fthemes%2Fsimone-blog%2Fimages%2Fmysteryman.png&r=g","contentUrl":"https:\/\/secure.gravatar.com\/avatar\/000fc191cb4be23411c2528f5429f16b0d72633aac55540779eff4743edb6867?s=96&d=https%3A%2F%2Fpolicyoptions.irpp.org%2Fwp-content%2Fthemes%2Fsimone-blog%2Fimages%2Fmysteryman.png&r=g","caption":"vkurzawa"},"url":"https:\/\/policyoptions.irpp.org\/fr\/author\/vkurzawa\/"}]}},"_links":{"self":[{"href":"https:\/\/policyoptions.irpp.org\/fr\/wp-json\/wp\/v2\/posts\/292984","targetHints":{"allow":["GET"]}}],"collection":[{"href":"https:\/\/policyoptions.irpp.org\/fr\/wp-json\/wp\/v2\/posts"}],"about":[{"href":"https:\/\/policyoptions.irpp.org\/fr\/wp-json\/wp\/v2\/types\/post"}],"author":[{"embeddable":true,"href":"https:\/\/policyoptions.irpp.org\/fr\/wp-json\/wp\/v2\/users\/913"}],"replies":[{"embeddable":true,"href":"https:\/\/policyoptions.irpp.org\/fr\/wp-json\/wp\/v2\/comments?post=292984"}],"version-history":[{"count":1,"href":"https:\/\/policyoptions.irpp.org\/fr\/wp-json\/wp\/v2\/posts\/292984\/revisions"}],"predecessor-version":[{"id":294985,"href":"https:\/\/policyoptions.irpp.org\/fr\/wp-json\/wp\/v2\/posts\/292984\/revisions\/294985"}],"wp:featuredmedia":[{"embeddable":true,"href":"https:\/\/policyoptions.irpp.org\/fr\/wp-json\/wp\/v2\/media\/292801"}],"wp:attachment":[{"href":"https:\/\/policyoptions.irpp.org\/fr\/wp-json\/wp\/v2\/media?parent=292984"}],"wp:term":[{"taxonomy":"category","embeddable":true,"href":"https:\/\/policyoptions.irpp.org\/fr\/wp-json\/wp\/v2\/categories?post=292984"},{"taxonomy":"post_tag","embeddable":true,"href":"https:\/\/policyoptions.irpp.org\/fr\/wp-json\/wp\/v2\/tags?post=292984"},{"taxonomy":"article-status","embeddable":true,"href":"https:\/\/policyoptions.irpp.org\/fr\/wp-json\/wp\/v2\/article-status?post=292984"},{"taxonomy":"irpp-category","embeddable":true,"href":"https:\/\/policyoptions.irpp.org\/fr\/wp-json\/wp\/v2\/irpp-category?post=292984"},{"taxonomy":"section","embeddable":true,"href":"https:\/\/policyoptions.irpp.org\/fr\/wp-json\/wp\/v2\/section?post=292984"},{"taxonomy":"irpp-tag","embeddable":true,"href":"https:\/\/policyoptions.irpp.org\/fr\/wp-json\/wp\/v2\/irpp-tag?post=292984"}],"curies":[{"name":"wp","href":"https:\/\/api.w.org\/{rel}","templated":true}]}}