{"id":292411,"date":"2015-11-18T19:35:20","date_gmt":"2015-11-19T00:35:20","guid":{"rendered":"https:\/\/policyoptions.irpp.org\/2015\/11\/plus-de-300-universitaires-professionnelles-et-professionnels-de-la-sante-signent-la-lettre-adressee-au-premier-ministre-trudeau-sur-le-besoin-dune-direction-federale-pour-la-couverture\/"},"modified":"2025-08-28T15:23:19","modified_gmt":"2025-08-28T19:23:19","slug":"plus-de-300-universitaires-professionnelles-et-professionnels-de-la-sante-signent-la-lettre-adressee-au-premier-ministre-trudeau-sur-le-besoin-dune-direction-federale-pour-la-couverture","status":"publish","type":"post","link":"https:\/\/policyoptions.irpp.org\/fr\/2015\/11\/plus-de-300-universitaires-professionnelles-et-professionnels-de-la-sante-signent-la-lettre-adressee-au-premier-ministre-trudeau-sur-le-besoin-dune-direction-federale-pour-la-couverture\/","title":{"rendered":"Lettre adress\u00e9e au premier ministre Trudeau  pour demander une direction f\u00e9d\u00e9rale pour la couverture des m\u00e9dicaments"},"content":{"rendered":"<p>Tous les pays d\u00e9velopp\u00e9s dot\u00e9s d\u2019un syst\u00e8me universel de soins de sant\u00e9 fournissent une couverture pour les m\u00e9dicaments\u2026 sauf le Canada. Les probl\u00e8mes associ\u00e9s \u00e0 la courtepointe incompl\u00e8te de r\u00e9gimes canadiens de m\u00e9dicaments priv\u00e9s et publics \u2013 notamment les vastes obstacles \u00e0 l\u2019<a href=\"https:\/\/www.cmaj.ca\/content\/184\/3\/297\">acc\u00e8s aux m\u00e9dicaments sur ordonnance<\/a>, <a href=\"https:\/\/angusreid.org\/prescription-drugs-canada\/\">d\u2019importants fardeaux financiers pour les patientes et patients aux prises avec une maladie chronique<\/a> (ces deux articles ne sont disponibles qu\u2019en anglais), et <a href=\"https:\/\/www.oecd.org\/fr\/els\/systemes-sante\/panorama-de-la-sante-19991320.htm\">des m\u00e9dicaments aux prix beaucoup plus \u00e9lev\u00e9s que dans les pays comparables<\/a> \u2013 ont suscit\u00e9 beaucoup d\u2019attention au cours des derni\u00e8res ann\u00e9es.<\/p>\n<p>La <a href=\"https:\/\/www.cdhowe.org\/rethinking-pharmacare-in-canada\/22009\">meilleure solution<\/a> (en anglais seulement) \u00e0 ces probl\u00e8mes pour le Canada est un r\u00e9gime de m\u00e9dicaments universel, complet et public int\u00e9gr\u00e9 de mani\u00e8re appropri\u00e9e dans notre syst\u00e8me universel d\u2019assurance pour les soins hospitaliers et m\u00e9dicaux. Cette forme d\u2019\u00ab\u00a0assurance m\u00e9dicaments\u00a0\u00bb universelle \u2013 jumel\u00e9e \u00e0 notre syst\u00e8me d\u2019assurance maladie \u2013 n\u2019a cess\u00e9 d\u2019\u00eatre recommand\u00e9e par des commissions sur le syst\u00e8me canadien de soins de sant\u00e9, et ce, <a href=\"https:\/\/www.ncbi.nlm.nih.gov\/pmc\/articles\/PMC3430151\/\">depuis les ann\u00e9es 1960<\/a> (en anglais seulement). Pourtant, le Canada n\u2019a toujours pas \u00e9labor\u00e9 cette politique.<\/p>\n<p>Le changement du gouvernement \u00e0 l\u2019ordre f\u00e9d\u00e9ral, alli\u00e9 \u00e0 des gouvernements favorables dans plusieurs provinces, fait que le moment est id\u00e9al pour l&#8217;av\u00e8nement de cette r\u00e9forme. \u00c0 cette fin, des m\u00e9decins appartenant au groupe de revendication <a href=\"https:\/\/www.canadiandoctorsformedicare.ca\/\">M\u00e9decins canadiens pour le r\u00e9gime public<\/a> et des chercheuses et chercheurs qui ont particip\u00e9 au rapport <a href=\"https:\/\/pharmacare2020.ca\/\">Pharmacare 2020<\/a> (en anglais seulement) ont collabor\u00e9 \u00e0 la r\u00e9daction d\u2019une lettre au premier ministre Trudeau pour lui demander d\u2019accorder la priorit\u00e9 \u00e0 cette r\u00e9forme pour l\u2019am\u00e9lioration de la qualit\u00e9 du syst\u00e8me canadien de soins de sant\u00e9, dans le cadre des n\u00e9gociations f\u00e9d\u00e9rales, provinciales et territoriales.<\/p>\n<p>Les professionnelles et professionnels de la sant\u00e9 et les sp\u00e9cialistes des politiques qui ont r\u00e9dig\u00e9 la lettre estimaient que peut-\u00eatre quelques-unes et quelques-uns de leurs pairs aimeraient se joindre \u00e0 leurs efforts. Ils avaient tort.<\/p>\n<p>Au cours des six derniers jours seulement, leur lettre au premier ministre a \u00e9t\u00e9 distribu\u00e9e \u00e0 des professionnelles et professionnels de la sant\u00e9 et \u00e0 des sp\u00e9cialistes des politiques, dans tout le Canada. Au moment d\u2019envoyer la lettre aujourd\u2019hui, plus de 300\u00a0professionnelles et professionnels de la sant\u00e9 et sp\u00e9cialistes des politiques se sont joints aux signataires.<\/p>\n<p>Voici la r\u00e9partition de cette liste de signataires\u00a0:<\/p>\n<ul>\n<li>Signataires de chaque province<\/li>\n<li>Plus de 150 m\u00e9decins, pharmaciennes, pharmaciens, infirmi\u00e8res et infirmiers<\/li>\n<li>10\u00a0r\u00e9cipiendaires de l\u2019Ordre du Canada<\/li>\n<li>11\u00a0chaires de recherche du Canada<\/li>\n<li>Plus de 225\u00a0signataires sont des professeures et professeurs de 34\u00a0universit\u00e9s canadiennes<\/li>\n<\/ul>\n<p>&nbsp;<\/p>\n<p>Monsieur le Premier ministre,<\/p>\n<p>Nous vous prions d\u2019accepter toutes nos f\u00e9licitations pour votre r\u00e9cente \u00e9lection comme 23e premier ministre du Canada.<\/p>\n<p>Des discussions importantes sur l\u2019identit\u00e9 canadienne et nos valeurs fondamentales se sont tenues tout au long de la campagne \u00e9lectorale et au cours des semaines qui ont suivi votre entr\u00e9e en fonction. Les sondages r\u00e9v\u00e8lent de fa\u00e7on soutenue que parmi ces valeurs auxquelles la population canadienne est attach\u00e9e, se trouvent celles qui sous-tendent notre syst\u00e8me de sant\u00e9: en particulier, la conviction que tous les habitants de ce pays doivent avoir acc\u00e8s \u00e0 des soins de sant\u00e9 de qualit\u00e9.<\/p>\n<p>Nous vous \u00e9crivons en tant que professionnels et chercheurs de la sant\u00e9. Comme vous, nous sommes pr\u00e9occup\u00e9s par l\u2019\u00e9tat actuel du syst\u00e8me universel de soins de sant\u00e9 du Canada. Bient\u00f4t, votre gouvernement invitera les premiers ministres et les ministres de la Sant\u00e9 du pays \u00e0 discuter d\u2019un nouvel accord sur la sant\u00e9. Nous voulons attirer votre attention sur l\u2019importance de mettre \u00e0 l\u2019agenda l\u2019assurance-m\u00e9dicaments.<\/p>\n<p>Ce sujet devrait figurer haut sur la liste des priorit\u00e9s en mati\u00e8re de sant\u00e9 pour les raisons suivantes.<\/p>\n<p>L\u2019Organisation mondiale de la Sant\u00e9 (OMS) nous rappelle le caract\u00e8re essentiel des produits pharmaceutiques pour la sant\u00e9 et le bien-\u00eatre des populations. L\u2019OMS soutient que tous les pays devraient garantir un acc\u00e8s universel aux m\u00e9dicaments requis. En conformit\u00e9 avec cette recommandation, tous les pays d\u00e9velopp\u00e9s dot\u00e9s d\u2019un syst\u00e8me universel de soins de sant\u00e9 offrent d\u00e9j\u00e0 une couverture universelle aux m\u00e9dicaments prescrits, \u00e0 l\u2019exception du Canada.<\/p>\n<p>En effet, contrairement aux autres pays comparables, le syst\u00e8me public de soins de sant\u00e9 du Canada cesse d\u00e8s que la patiente ou le patient se pr\u00e9sente en pharmacie pour se procurer le m\u00e9dicament prescrit.<\/p>\n<p>Des millions de Canadiennes et de Canadiens n\u2019ont aucune couverture d\u2019assurance-m\u00e9dicaments et des millions d\u2019autres ont une couverture insuffisante. On observe que pr\u00e8s d\u2019un quart des Canadiennes et Canadiens signalent qu\u2019eux-m\u00eames ou des membres de leur famille n\u2019ont pu obtenir leurs m\u00e9dicaments d\u2019ordonnance en raison des co\u00fbts.<\/p>\n<p>Il est clairement d\u00e9montr\u00e9 que les obstacles financiers aux m\u00e9dicaments ont un impact n\u00e9gatif sur l\u2019\u00e9tat de sant\u00e9. Ils se traduisent \u00e9galement par des hausses inutiles dans l\u2019utilisation des services m\u00e9dicaux et hospitaliers.<\/p>\n<p>L\u2019adoption de normes nationales pour une couverture universelle des m\u00e9dicaments requis permettrait de s\u2019approcher de l\u2019objectif central d\u2019une politique sur le m\u00e9dicament, c\u2019est-\u00e0-dire assurer \u00e0 toute la population canadienne un acc\u00e8s \u00e9quitable aux soins n\u00e9cessaires. Une telle politique permettrait au Canada de rattraper les autres pays d\u00e9velopp\u00e9s et mettre fin \u00e0 ce retard qui ne fait pas honneur \u00e0 notre pays. Une couverture universelle aux m\u00e9dicaments favoriserait \u00e9galement l\u2019utilisation plus s\u00e9curitaire et ad\u00e9quate des m\u00e9dicaments \u2013 offrant une opportunit\u00e9 pour le Canada de devenir un chef de file mondial quant \u00e0 la qualit\u00e9 de l\u2019usage des m\u00e9dicaments.<\/p>\n<p>Assurer un acc\u00e8s universel aux m\u00e9dicaments d\u2019ordonnance est non seulement une mesure \u00e9thique, mais aussi, une mesure \u00e9conomiquement responsable. La recherche d\u00e9montre qu\u2019un syst\u00e8me d\u2019assurance-m\u00e9dicaments universel et public \u2013coordonn\u00e9 \u00e0 travers toutes les provinces de mani\u00e8re similaire \u00e0 la fa\u00e7on dont les gouvernements f\u00e9d\u00e9ral, provinciaux et territoriaux ach\u00e8tent les vaccins et les produits sanguins \u2013 permettrait de r\u00e9pondre aux pr\u00e9occupations d\u2019\u00e9quit\u00e9 et d\u2019acc\u00e8s, tout en pavant la voie \u00e0 d\u2019importantes \u00e9conomies de l\u2019ordre de quatre \u00e0 onze milliards de dollars par ann\u00e9e.<\/p>\n<p>Il est d\u00e9montr\u00e9 que des pays comparables qui int\u00e8grent la couverture du m\u00e9dicament dans leur syst\u00e8me universel de sant\u00e9 obtiennent un acc\u00e8s plus \u00e9quitable aux m\u00e9dicaments, et ce, \u00e0 des co\u00fbts totaux de loin inf\u00e9rieurs \u00e0 ceux qu\u2019engage actuellement le Canada.<\/p>\n<p>La population canadienne appuie la couverture publique des m\u00e9dicaments qui ont fait leurs preuves quant \u00e0 leur rapport qualit\u00e9-prix. Un r\u00e9cent sondage national effectu\u00e9 par l\u2019Institut Angus Reid a d\u00e9termin\u00e9 qu\u2019une vaste majorit\u00e9 de Canadiennes et de Canadiens (87 %) est favorable \u00e0 l\u2019ajout des m\u00e9dicaments sur ordonnance au syst\u00e8me canadien de soins de sant\u00e9. Cet appui se confirme sur tous les plans, peu importe la r\u00e9gion, le groupe d\u2019\u00e2ge, le revenu des familles ou le niveau d\u2019instruction. L\u2019assurance-m\u00e9dicaments publique universelle jouit \u00e9galement de l\u2019appui des professions de la sant\u00e9, des syndicats, des experts en politiques publiques, des entreprises, des groupes de citoyens, des organismes de bienfaisance en sant\u00e9, des cadres oeuvrant en sant\u00e9, des municipalit\u00e9s et des gouvernements provinciaux.<\/p>\n<p>Votre campagne a mis l\u2019accent sur la promesse d\u2019un Canada meilleur, o\u00f9 le gouvernement f\u00e9d\u00e9ral ne laissera plus les probl\u00e8mes du pass\u00e9 empoisonner l\u2019avenir, lorsqu\u2019une solution \u00e9prouv\u00e9e s\u2019offre pour am\u00e9liorer la vie des Canadiennes et Canadiens.<\/p>\n<p>L\u2019actuelle couverture d\u00e9ficiente des m\u00e9dicaments constitue ce dossier qui empoisonne le syst\u00e8me canadien de soins de sant\u00e9. Votre gouvernement se trouve en position unique pour r\u00e9soudre ce probl\u00e8me, \u00e9largir le mandat public de l\u2019assurance-maladie afin d\u2019y inclure les m\u00e9dicaments sur ordonnance, et assurer ainsi un meilleur avenir pour toutes les Canadiennes et tous les Canadiens. Sachez, monsieur le Premier ministre, que vous pouvez compter sur notre appui alors que vous pr\u00e9parez vos plans pour atteindre cet objectif.<\/p>\n<p>&nbsp;<\/p>\n<p>Veuillez agr\u00e9er, monsieur le Premier ministre, l\u2019expression de notre tr\u00e8s haute consid\u00e9ration,<\/p>\n<p>Julia Abelson, PhD<\/p>\n<p>Professor, Department of Clinical Epidemiology &amp; Biostatistics<\/p>\n<p>McMaster University<\/p>\n<p>Hamilton, Ontario<\/p>\n<p>&nbsp;<\/p>\n<p>Elia Abi-Jaoude, MD, MSc, FRCPC<\/p>\n<p>Staff Psychiatrist, Department of Psychiatry, The Hospital for Sick Children<\/p>\n<p>University of Toronto<\/p>\n<p>Toronto, Ontario<\/p>\n<p>&nbsp;<\/p>\n<p>Tracie Afifi, PhD<\/p>\n<p>Associate Professor, Departments of Community Health Sciences and Psychiatry<\/p>\n<p>University of Manitoba<\/p>\n<p>Winnipeg, Manitoba<\/p>\n<p>&nbsp;<\/p>\n<p>Farah Ahmad, MBBS, MPH, PhD<\/p>\n<p>Associate Professor, School of Health Policy and Management<\/p>\n<p>York University<\/p>\n<p>Toronto, Ontario<\/p>\n<p>&nbsp;<\/p>\n<p>Silvia Alessi-Severini, PhD<\/p>\n<p>Associate Professor, College of Pharmacy<\/p>\n<p>University of Manitoba<\/p>\n<p>Winnipeg, Manitoba<\/p>\n<p>&nbsp;<\/p>\n<p>Sara Allin, PhD<\/p>\n<p>Assistant Professor, Status-Only, Institute of Health Policy, Management and Evaluation<\/p>\n<p>University of Toronto<\/p>\n<p>Toronto, Ontario<\/p>\n<p>&nbsp;<\/p>\n<p>Aslam Anis, PhD, FCAHS<\/p>\n<p>Director, Centre for Health Evaluation &amp; Outcome Sciences, Providence Health Care; Professor, School of Population and Public Health<\/p>\n<p>University of British Columbia<\/p>\n<p>Vancouver, British Columbia<\/p>\n<p>&nbsp;<\/p>\n<p>Kelly Anthony, PhD<\/p>\n<p>Teaching Fellow, Applied Health Sciences<\/p>\n<p>University of Waterloo<\/p>\n<p>Waterloo, Ontario<\/p>\n<p>Paul Antze<\/p>\n<p>Associate Professor emeritus, Department of Social Science<\/p>\n<p>York University<\/p>\n<p>Toronto, Ontario<\/p>\n<p>&nbsp;<\/p>\n<p>Pat Armstrong, PhD<\/p>\n<p>Professor, Department of Sociology<\/p>\n<p>York University<\/p>\n<p>Toronto, Ontario<\/p>\n<p>&nbsp;<\/p>\n<p>Yukiko Asada, PhD<\/p>\n<p>Associate Professor, Department of Community Health and Epidemiology<\/p>\n<p>Dalhousie University<\/p>\n<p>Halifax, Nova Scotia<\/p>\n<p>&nbsp;<\/p>\n<p>Peri Ballantyne, PhD<\/p>\n<p>Associate Professor, Department of Sociology<\/p>\n<p>Trent University<\/p>\n<p>Peterborough, Ontario<\/p>\n<p>&nbsp;<\/p>\n<p>Morris Barer, PhD<\/p>\n<p>Professor, Centre for Health Services and Policy Research, School of Population and Public Health<\/p>\n<p>University of British Columbia<\/p>\n<p>Vancouver, British Columbia<\/p>\n<p>&nbsp;<\/p>\n<p>Maude Barlow<\/p>\n<p>National Chairperson<\/p>\n<p>The Council of Canadians<\/p>\n<p>Ottawa, Ontario<\/p>\n<p>&nbsp;<\/p>\n<p>Steve Barnes, MA<\/p>\n<p>Director of Policy<\/p>\n<p>Wellesley Institute<\/p>\n<p>Toronto, Ontario<\/p>\n<p>&nbsp;<\/p>\n<p>Jan Barnsley, PhD<\/p>\n<p>Associate Professor, Institute of Health Policy, Management &amp; Evaluation<\/p>\n<p>University of Toronto<\/p>\n<p>Toronto, Ontario<\/p>\n<p>&nbsp;<\/p>\n<p>Francoise Baylis, PhD, FRSC, FCAHS<\/p>\n<p>Professor and Canada Research Chair in Bioethics and Philosophy, Faculties of Medicine &amp; Arts and Social Sciences<\/p>\n<p>Dalhousie University<\/p>\n<p>Halifax, Nova Scotia<\/p>\n<p>&nbsp;<\/p>\n<p>Ahmed Bayoumi, MD, MSc, FRCPC<\/p>\n<p>Professor, Department of Medicine and Institute of Health Policy, Management and Evaluation<\/p>\n<p>University of Toronto<\/p>\n<p>Toronto, Ontario<\/p>\n<p>&nbsp;<\/p>\n<p>Michaela Beder, MD, FRCPC<\/p>\n<p>Psychiatrist, St Michael&#8217;s Hospital; Lecturer, University of Toronto<\/p>\n<p>University of Toronto<\/p>\n<p>Toronto, Ontario<\/p>\n<p>&nbsp;<\/p>\n<p>Fran\u00e7ois B\u00e9land, PhD<\/p>\n<p>Professor, Department of Health Administration, \u0116cole de sant\u00e9 publique<\/p>\n<p>Universit\u00e9 de Montr\u00e9al<\/p>\n<p>Montr\u00e9al, Qu\u00e9bec<\/p>\n<p>&nbsp;<\/p>\n<p>Warren Bell, MDCM, CCFP, FCFP<\/p>\n<p>Family Doctor<\/p>\n<p>Salmon Arm<\/p>\n<p>Salmon Arm, British Columbia<\/p>\n<p>&nbsp;<\/p>\n<p>Philip Berger, O.ONT, MD, CCFP, FCFP, FRCPC (Hon)<\/p>\n<p>Associate Professor, Faculty of Medicine<\/p>\n<p>University of Toronto<\/p>\n<p>Toronto, Ontario<\/p>\n<p>&nbsp;<\/p>\n<p>Anne-Emanuelle Birn, ScD<\/p>\n<p>Professor of Critical Development Studies and Social and Behavioural Health Sciences<\/p>\n<p>University of Toronto<\/p>\n<p>Toronto, Ontario<\/p>\n<p>&nbsp;<\/p>\n<p>Pierre Biron, MD, MS<\/p>\n<p>Honorary professor of medical pharmacology<\/p>\n<p>Universit\u00e9 de Montr\u00e9al<\/p>\n<p>Montr\u00e9al, Qu\u00e9bec<\/p>\n<p>Lise M. Bjerre, MD, PhD, MCFP<\/p>\n<p>Assistant Professor, Department of Family Medicine<\/p>\n<p>University of Ottawa<\/p>\n<p>Ottawa, Ontario<\/p>\n<p>&nbsp;<\/p>\n<p>Charlyn Black, MD, PhD<\/p>\n<p>Associate Director, School of Population and Public Health<\/p>\n<p>University of British Columbia<\/p>\n<p>Vancouver, British Columbia<\/p>\n<p>&nbsp;<\/p>\n<p>Regis Blais, PhD<\/p>\n<p>Professor, Department of Health Administration, School of Public Health<\/p>\n<p>Universit\u00e9 de Montr\u00e9al<\/p>\n<p>Montr\u00e9al, Qu\u00e9bec<\/p>\n<p>&nbsp;<\/p>\n<p>Gary Bloch, MD<\/p>\n<p>Assistant Professor<\/p>\n<p>University of Toronto<\/p>\n<p>Toronto, Ontario<\/p>\n<p>&nbsp;<\/p>\n<p>Katherine Boothe, PhD<\/p>\n<p>Assistant Professor, Department of Political Science<\/p>\n<p>McMaster University<\/p>\n<p>Hamilton, Ontario<\/p>\n<p>&nbsp;<\/p>\n<p>Roxane Borg\u00e8s Da Silva, PhD<\/p>\n<p>Associate Professor, Faculty of Nursing<\/p>\n<p>Universit\u00e9 de Montr\u00e9al<\/p>\n<p>Montr\u00e9al, Qu\u00e9bec<\/p>\n<p>&nbsp;<\/p>\n<p>Stephen Bornstein, PhD<\/p>\n<p>Director, Centre of Applied Health Research<\/p>\n<p>Memorial University of Newfoundland<\/p>\n<p>St. John&#8217;s, Newfoundland and Labrador<\/p>\n<p>&nbsp;<\/p>\n<p>Ivy Bourgeault, PhD<\/p>\n<p>Professor, Telfer School of Management and Institute of Population Health<\/p>\n<p>University of Ottawa<\/p>\n<p>Ottawa, Ontario<\/p>\n<p>&nbsp;<\/p>\n<p>Mylaine Breton, PhD<\/p>\n<p>Assistant Professor, Faculty of Medicine and Health Science<\/p>\n<p>University of Sherbrooke<\/p>\n<p>Sherbrooke, Qu\u00e9bec<\/p>\n<p>&nbsp;<\/p>\n<p>Marni Brownell, PhD<\/p>\n<p>Associate Professor, Department of Community Health Sciences<\/p>\n<p>University of Manitoba<\/p>\n<p>Winnipeg, Manitoba<\/p>\n<p>&nbsp;<\/p>\n<p>Mariana Brussoni, PhD<\/p>\n<p>Associate Professor, Department of Pediatrics, School of Population and Public Health<\/p>\n<p>University of British Columbia<\/p>\n<p>Vancouver, British Columbia<\/p>\n<p>&nbsp;<\/p>\n<p>Stirling Bryan, PhD<\/p>\n<p>Director, Centre for Clinical Epidemiology &amp; Evaluation<\/p>\n<p>University of British Columbia<\/p>\n<p>Vancouver, British Columbia<\/p>\n<p>&nbsp;<\/p>\n<p>Toba Bryant, PhD<\/p>\n<p>Assistant Professor, Faculty of Health Sciences<\/p>\n<p>University of Ontario Institute of Technology<\/p>\n<p>Oshawa, Ontario<\/p>\n<p>&nbsp;<\/p>\n<p>Michael Butler<\/p>\n<p>National Health Campaigner<\/p>\n<p>The Council of Canadians<\/p>\n<p>Ottawa, Ontario<\/p>\n<p>&nbsp;<\/p>\n<p>John Calvert, PhD<\/p>\n<p>Associate Professor, Faculty of Health Sciences<\/p>\n<p>Simon Fraser University<\/p>\n<p>Burnaby, British Columbia<\/p>\n<p>&nbsp;<\/p>\n<p>&nbsp;<\/p>\n<p>Debra Cameron, PhD, MEd, BScOT, OT Reg.<\/p>\n<p>Assistant Professor, Department of Occupational Science and Occupational Therapy<\/p>\n<p>University of Toronto<\/p>\n<p>Toronto, Ontario<\/p>\n<p>&nbsp;<\/p>\n<p>Bruce Carleton, PharmD<\/p>\n<p>Professor, Department of Pediatrics<\/p>\n<p>University of British Columbia<\/p>\n<p>Vancouver, British Columbia<\/p>\n<p>&nbsp;<\/p>\n<p>Nicholas Carleton, PhD, RD Psych<\/p>\n<p>Department of Psychology<\/p>\n<p>University of Regina<\/p>\n<p>Regina, Saskatchewan<\/p>\n<p>&nbsp;<\/p>\n<p>Alan Cassels, CD, MPA<\/p>\n<p>Adjunct Faculty, Faculty of Human and Social Development<\/p>\n<p>University of Victoria<\/p>\n<p>Victoria, British Columbia<\/p>\n<p>&nbsp;<\/p>\n<p>Timothy Caulfield, LLM, FRSC, FCAHS<\/p>\n<p>Professor and Canada Research Chair in Health Law &amp; Policy, Faculty of Law<\/p>\n<p>University of Alberta<\/p>\n<p>Edmonton, Alberta<\/p>\n<p>&nbsp;<\/p>\n<p>Roger Chafe, PhD<\/p>\n<p>Director, Janeway Pediatric Research Unit, Faculty of Medicine<\/p>\n<p>Memorial University of Newfoundland<\/p>\n<p>St. John&#8217;s, Newfoundland and Labrador<\/p>\n<p>&nbsp;<\/p>\n<p>An-Wen Chan, MD, DPhil, FRCPC<\/p>\n<p>Associate Professor, Department of Medicine and Institute of Health Policy, Management and Evaluation<\/p>\n<p>University of Toronto<\/p>\n<p>Toronto, Ontario<\/p>\n<p>&nbsp;<\/p>\n<p>Ben Chan, MD, MPH, MPA<\/p>\n<p>Assistant Professor, Institute for Health Policy, Management &amp; Evaluation<\/p>\n<p>University of Toronto<\/p>\n<p>Toronto, Ontario<\/p>\n<p>&nbsp;<\/p>\n<p>Fiona Chan, BScPharm, RPh, MSc Cand.<\/p>\n<p>Pharmacist; Graduate Student<\/p>\n<p>University of British Columbia<\/p>\n<p>Vancouver, British Columbia<\/p>\n<p>&nbsp;<\/p>\n<p>Neena Chappell, PhD, FRSC, FCAHS<\/p>\n<p>Canada Research Chair in Social Gerontology<\/p>\n<p>University of Victoria<\/p>\n<p>Victoria, British Columbia<\/p>\n<p>&nbsp;<\/p>\n<p>Claudia Chaufan, MD, PhD<\/p>\n<p>Fulbright Research Chair 2015<\/p>\n<p>York University<\/p>\n<p>Toronto, Ontario<\/p>\n<p>&nbsp;<\/p>\n<p>Vaughn Chauvin, BScPhm, CGP, RPh<\/p>\n<p>Lecturer, Pharmacist, Faculty of Pharmaceutical Sciences<\/p>\n<p>University of British Columbia<\/p>\n<p>Vancouver, British Columbia<\/p>\n<p>&nbsp;<\/p>\n<p>Helen Chen, PhD<\/p>\n<p>Assistant Professor, School of Public Health and Health Systems<\/p>\n<p>University of Waterloo<\/p>\n<p>Waterloo, Ontario<\/p>\n<p>&nbsp;<\/p>\n<p>Robert Chernomas, PhD<\/p>\n<p>Professor, Department of Economics<\/p>\n<p>University of Manitoba<\/p>\n<p>Winnipeg, Manitoba<\/p>\n<p>&nbsp;<\/p>\n<p>Niteesh Choudhry, MD, PhD<\/p>\n<p>Associate Professor, Harvard Medical School<\/p>\n<p>Harvard University<\/p>\n<p>Boston, USA<\/p>\n<p>&nbsp;<\/p>\n<p>Jon Church, PhD<\/p>\n<p>Professor, Faculty of Medicine<\/p>\n<p>Memorial University of Newfoundland<\/p>\n<p>St. John&#8217;s, Newfoundland and Labrador<\/p>\n<p>&nbsp;<\/p>\n<p>Donna Ciliska, RN, PhD<\/p>\n<p>Professor Emeritus, School of Nursing<\/p>\n<p>McMaster University<\/p>\n<p>Hamilton, Ontario<\/p>\n<p>&nbsp;<\/p>\n<p>Eyal Cohen, MD, MSc<\/p>\n<p>Associate Professor of Pediatrics and Health Policy, Management and Evaluation<\/p>\n<p>University of Toronto<\/p>\n<p>Toronto, Ontario<\/p>\n<p>&nbsp;<\/p>\n<p>Andr\u00e9-Pierre Contandriopoulos, PhD<\/p>\n<p>Professeur \u00e9m\u00e9rite, D\u00e9partement d&#8217;administration de la sant\u00e9<\/p>\n<p>Universit\u00e9 de Montr\u00e9al<\/p>\n<p>Montr\u00e9al, Qu\u00e9bec<\/p>\n<p>&nbsp;<\/p>\n<p>Damien Contandriopoulos, PhD<\/p>\n<p>Professor, Faculty of Nursing<\/p>\n<p>Universit\u00e9 de Montr\u00e9al<\/p>\n<p>Montr\u00e9al, Qu\u00e9bec<\/p>\n<p>&nbsp;<\/p>\n<p>Yves Couturier, PhD<\/p>\n<p>Professeur titulaire, \u00c9cole de travail social<\/p>\n<p>Universit\u00e9 de Sherbrooke<\/p>\n<p>Sherbrooke, Qu\u00e9bec<\/p>\n<p>&nbsp;<\/p>\n<p>Tony Culyer, CBE, BA, FRSA, FMedSci<\/p>\n<p>Adjunct Professor, Institute of Health Policy, Management and Evaluation<\/p>\n<p>University of Toronto<\/p>\n<p>Toronto, Ontario<\/p>\n<p>&nbsp;<\/p>\n<p>Tamara Daly, PhD<\/p>\n<p>CIHR Research Chair in Gender, Work &amp; Health, Faculty of Health<\/p>\n<p>York University<\/p>\n<p>Toronto, Ontario<\/p>\n<p>&nbsp;<\/p>\n<p>Jamie Daw, MSc<\/p>\n<p>Doctoral Candidate<\/p>\n<p>Harvard University<\/p>\n<p>Boston, USA<\/p>\n<p>&nbsp;<\/p>\n<p>Raisa Deber, PhD<\/p>\n<p>Professor, Institute of Health Policy, Management and Evaluation<\/p>\n<p>University of Toronto<\/p>\n<p>Toronto, Ontario<\/p>\n<p>&nbsp;<\/p>\n<p>&nbsp;<\/p>\n<p>&nbsp;<\/p>\n<p>Nicole Dedobbeleer, ScD<\/p>\n<p>Professor honoraire, D\u00e9partement d&#8217;administration de la sant\u00e9<\/p>\n<p>Universit\u00e9 de Montr\u00e9al<\/p>\n<p>Montr\u00e9al, Qu\u00e9bec<\/p>\n<p>&nbsp;<\/p>\n<p>Dianne Delva, MD, CCFP, FCFP<\/p>\n<p>Chair, Department of Family Medicine<\/p>\n<p>University of Ottawa<\/p>\n<p>Ottawa, Ontario<\/p>\n<p>&nbsp;<\/p>\n<p>Avram Denburg, MD, MSc, FRCPC<\/p>\n<p>Pediatric Oncologist, Hospital for Sick Children; and 2015 Trudeau Scholar<\/p>\n<p>McMaster University<\/p>\n<p>Hamilton, Ontario<\/p>\n<p>&nbsp;<\/p>\n<p>Michael Dettman, MD, ABEM, FRCP(C)<\/p>\n<p>Physician, Vancouver Hospital Emergency Department, Associate Clinical Professor, Department of Emergency Medicine<\/p>\n<p>University of British Columbia<\/p>\n<p>Vancouver, British Columbia<\/p>\n<p>&nbsp;<\/p>\n<p>PJ Devereaux, MD, PhD, FRCPC<\/p>\n<p>Professor, Department of Clinical Epidemiology and Biostatistics<\/p>\n<p>McMaster University<\/p>\n<p>Hamilton, Ontario<\/p>\n<p>&nbsp;<\/p>\n<p>Livio Di Matteo, PhD<\/p>\n<p>Professor, Department of Economics<\/p>\n<p>Lakehead University<\/p>\n<p>Thunder Bay, Ontario<\/p>\n<p>&nbsp;<\/p>\n<p>Alba DiCenso, CM, RN, PhD, FCAHS<\/p>\n<p>Professor Emeritus, School of Nursing and Department of Clinical Epidemiology and Biostatistics<\/p>\n<p>McMaster University<\/p>\n<p>Hamilton, Ontario<\/p>\n<p>&nbsp;<\/p>\n<p>Lisa Dolovich, PharmD, BScPhm, MSc<\/p>\n<p>Professor and Associate Chair, Research, Department of Family Medicine<\/p>\n<p>McMaster University<\/p>\n<p>Hamilton, Ontario<\/p>\n<p>&nbsp;<\/p>\n<p>&nbsp;<\/p>\n<p>Katie Dorman, MD, MSc, CCFP<\/p>\n<p>Family Physician<\/p>\n<p>Weeneebayko General Hospital<\/p>\n<p>Moose Factory, Ontario<\/p>\n<p>&nbsp;<\/p>\n<p>Naheed Dosani, MD, CCFP<\/p>\n<p>Palliative Care Physician, William Osler Health System; and Assistant Clinical Professor<\/p>\n<p>McMaster University<\/p>\n<p>Toronto, Ontario<\/p>\n<p>&nbsp;<\/p>\n<p>Jocelyn Downie, SJD, FRSC, FCAHS<\/p>\n<p>Professor, Faculties of Law &amp; Medicine<\/p>\n<p>Dalhousie University<\/p>\n<p>Halifax, Nova Scotia<\/p>\n<p>&nbsp;<\/p>\n<p>Michelle Driedger, PhD<\/p>\n<p>Canada Research Chair in Environment and Health Risk Communication<\/p>\n<p>University of Manitoba<\/p>\n<p>Winnipeg, Manitoba<\/p>\n<p>&nbsp;<\/p>\n<p>Joel Dubin, PhD<\/p>\n<p>Associate Professor, Statistics &amp; Actuarial Science and School of Public Health &amp; Health Systems<\/p>\n<p>University of Waterloo<\/p>\n<p>Waterloo, Ontario<\/p>\n<p>&nbsp;<\/p>\n<p>Isser Dubinsky, MD,CCFP(EM)<\/p>\n<p>Associate Professor, Department of Family Medicine, and Institute of Health Policy, Management and Evaluation<\/p>\n<p>University of Toronto<\/p>\n<p>Toronto, Ontario<\/p>\n<p>&nbsp;<\/p>\n<p>Monika Dutt, MD, MBA, MPH, CCFP, FRCPC<\/p>\n<p>Adjunct Professor<\/p>\n<p>Cape Breton University<\/p>\n<p>Sydney, Nova Scotia<\/p>\n<p>&nbsp;<\/p>\n<p>Brenda Elias<\/p>\n<p>Associate Professor, College of Medicine<\/p>\n<p>University of Manitoba<\/p>\n<p>Winnipeg, Manitoba<\/p>\n<p>&nbsp;<\/p>\n<p>&nbsp;<\/p>\n<p>&nbsp;<\/p>\n<p>Rachel Engler-Stringer, PhD<\/p>\n<p>Associate Professor, Department of Community Health and Epidemiology<\/p>\n<p>University of Saskatchewan<\/p>\n<p>Saskatoon, Saskatchewan<\/p>\n<p>&nbsp;<\/p>\n<p>Mahyar Etminan, PharmD, MSc<\/p>\n<p>Assistant Professor, Ophthalmology and Visual Sciences<\/p>\n<p>University of British Columbia<\/p>\n<p>Vancouver, British Columbia<\/p>\n<p>&nbsp;<\/p>\n<p>David Feeny, PhD<\/p>\n<p>Professor of Economics and Member of the Centre for Health Economics and Policy Analysis<\/p>\n<p>McMaster University<\/p>\n<p>Hamilton, Ontario<\/p>\n<p>&nbsp;<\/p>\n<p>Katherine Fierlbeck, PhD<\/p>\n<p>McCulloch Chair of Political Science, Department of Political Science<\/p>\n<p>Dalhousie University<\/p>\n<p>Halifax, Nova Scotia<\/p>\n<p>&nbsp;<\/p>\n<p>Colleen Flood, LLB (Hons), LLM, SJD<\/p>\n<p>Director, University of Ottawa Centre for Health Law, Policy &amp; Ethics<\/p>\n<p>University of Ottawa<\/p>\n<p>Ottawa, Ontario<\/p>\n<p>&nbsp;<\/p>\n<p>Conchita Fonseca, MD, BSc, CCFP-EM<\/p>\n<p>Family Physician<\/p>\n<p>Ottawa<\/p>\n<p>Ottawa, Ontario<\/p>\n<p>&nbsp;<\/p>\n<p>Lisa Forman, LLB, MA, SJD<\/p>\n<p>Canada Research Chair in Human Rights and Global Health Equity<\/p>\n<p>University of Toronto<\/p>\n<p>Toronto, Ontario<\/p>\n<p>&nbsp;<\/p>\n<p>Katherine Frohlich, PhD<\/p>\n<p>Professeure Titulaire, D\u00e9partement de m\u00e9decine sociale et pr\u00e9ventive<\/p>\n<p>Universit\u00e9 de Montr\u00e9al<\/p>\n<p>Montr\u00e9al, Qu\u00e9bec<\/p>\n<p>&nbsp;<\/p>\n<p>&nbsp;<\/p>\n<p>Marc-Andr\u00e9 Gagnon, PhD<\/p>\n<p>Associate Professor, School of Public Policy and Administration<\/p>\n<p>Carleton University<\/p>\n<p>Ottawa, Ontario<\/p>\n<p>&nbsp;<\/p>\n<p>JM Gamble, PhD<\/p>\n<p>Assistant Professor, School of Pharmacy<\/p>\n<p>Memorial University of Newfoundland<\/p>\n<p>St. John&#8217;s, Newfoundland and Labrador<\/p>\n<p>&nbsp;<\/p>\n<p>Denise Gastaldo, BScN, MA, PhD<\/p>\n<p>Associate Professor, Bloomberg Faculty of Nursing and Dalla Lana School of Public Health<\/p>\n<p>University of Toronto<\/p>\n<p>Toronto, Ontario<\/p>\n<p>&nbsp;<\/p>\n<p>Robert Gendron, PhD<\/p>\n<p>Professor, BioMedical Sciences, Faculty of Medicine<\/p>\n<p>Memorial University of Newfoundland<\/p>\n<p>St. John&#8217;s, Newfoundland and Labrador<\/p>\n<p>&nbsp;<\/p>\n<p>Elaine Gibson, LLB, LLM<\/p>\n<p>Associate Professor of Law<\/p>\n<p>Dalhousie University<\/p>\n<p>Halifax, Nova Scotia<\/p>\n<p>&nbsp;<\/p>\n<p>Fr\u00e9d\u00e9ric Gilbert, PhD, MBA<\/p>\n<p>Professeur, D\u00e9partement d&#8217;Organisation et ressources humaines, \u00c9cole des sciences de la gestion<\/p>\n<p>Universit\u00e9 du Qu\u00e9bec \u00e0 Montr\u00e9al<\/p>\n<p>Qu\u00e9bec, Qu\u00e9bec<\/p>\n<p>&nbsp;<\/p>\n<p>Sarah Giles, MD, CCFP(EM), DTM&amp;H<\/p>\n<p>Assistant Clinical Professor, Department of Family Medicine<\/p>\n<p>University of Alberta<\/p>\n<p>Edmonton, Alberta<\/p>\n<p>&nbsp;<\/p>\n<p>Liane Ginsburg, PhD<\/p>\n<p>Associate Professor, School of Health Policy &amp; Management<\/p>\n<p>York University<\/p>\n<p>Toronto, Ontario<\/p>\n<p>&nbsp;<\/p>\n<p>&nbsp;<\/p>\n<p>&nbsp;<\/p>\n<p>Rick Glazier, MD, MPH<\/p>\n<p>Professor, Family and Community Medicine<\/p>\n<p>University of Toronto<\/p>\n<p>Toronto, Ontario<\/p>\n<p>&nbsp;<\/p>\n<p>Ritika Goel, MD, MPH, CCFP<\/p>\n<p>Lecturer, Department of Family and Community Medicine<\/p>\n<p>University of Toronto<\/p>\n<p>Toronto, Ontario<\/p>\n<p>&nbsp;<\/p>\n<p>Paula Goering, RN, PhD<\/p>\n<p>Professor, Department of Psychiatry<\/p>\n<p>University of Toronto<\/p>\n<p>Toronto, Ontario<\/p>\n<p>&nbsp;<\/p>\n<p>Laurie Goldsmith, PhD<\/p>\n<p>Assistant Professor, Faculty of Health Sciences<\/p>\n<p>Simon Fraser University<\/p>\n<p>Burnaby, British Columbia<\/p>\n<p>&nbsp;<\/p>\n<p>Rachel Gorman, PhD<\/p>\n<p>Assistant Professor, School of Health Policy and Management<\/p>\n<p>York University<\/p>\n<p>Toronto, Ontario<\/p>\n<p>&nbsp;<\/p>\n<p>Carolyn Gotay, PhD, FCAHS<\/p>\n<p>Professor and Canadian Cancer Society Chair in Cancer Primary Prevention, School of Population and Public Health<\/p>\n<p>University of British Columbia<\/p>\n<p>Vancouver, British Columbia<\/p>\n<p>&nbsp;<\/p>\n<p>Daniel Grace, PhD<\/p>\n<p>Assistant Professor, Dalla Lana School of Public Health<\/p>\n<p>University of Toronto<\/p>\n<p>Toronto, Ontario<\/p>\n<p>&nbsp;<\/p>\n<p>Janice Graham, PhD<\/p>\n<p>Professor, Faculty of Medicine<\/p>\n<p>Dalhousie University<\/p>\n<p>Halifax, Nova Scotia<\/p>\n<p>&nbsp;<\/p>\n<p>&nbsp;<\/p>\n<p>Michael Green, MD, MPH, CCFP<\/p>\n<p>Associate Professor, Departments of Family Medicine and Public Health Sciences<\/p>\n<p>Queen\u2019s University<\/p>\n<p>Kingston, Ontario<\/p>\n<p>&nbsp;<\/p>\n<p>Samantha Green, MD, CCFP<\/p>\n<p>Family Physician and Lecturer, St. Michael&#8217;s Hospital<\/p>\n<p>University of Toronto<\/p>\n<p>Toronto, Ontario<\/p>\n<p>&nbsp;<\/p>\n<p>Devon Greyson, MLIS, PhD<\/p>\n<p>Postdoctoral Fellow, Department of Pediatrics<\/p>\n<p>University of British Columbia<\/p>\n<p>Vancouver, British Columbia<\/p>\n<p>&nbsp;<\/p>\n<p>Allan Grill, MD, MPH, CCFP<\/p>\n<p>Assistant Professor, Department of Family &amp; Community Medicine<\/p>\n<p>University of Toronto<\/p>\n<p>Toronto, Ontario<\/p>\n<p>&nbsp;<\/p>\n<p>Jeremy Grimshaw, MBChB, PhD, FRCGP, FCAHS<\/p>\n<p>Professor, Department of Medicine<\/p>\n<p>University of Ottawa<\/p>\n<p>Ottawa, Ontario<\/p>\n<p>&nbsp;<\/p>\n<p>Paul Grootendorst, PhD<\/p>\n<p>Associate Professor, Leslie Dan Faculty of Pharmacy and School of Public Policy and Governance<\/p>\n<p>University of Toronto<\/p>\n<p>Toronto, Ontario<\/p>\n<p>&nbsp;<\/p>\n<p>Quinn Grundy, RN, PhD<\/p>\n<p>Postdoctoral Researcher, Faculty of Pharmacy<\/p>\n<p>University of Sydney<\/p>\n<p>Sydney, Australia<\/p>\n<p>&nbsp;<\/p>\n<p>Doug Gruner, MD,CCFP,FCFP<\/p>\n<p>Assistant Professor, Faculty of Medicine, Department of Family Medicine<\/p>\n<p>University of Ottawa<\/p>\n<p>Ottawa, Ontario<\/p>\n<p>Emmanuel Guindon, PhD<\/p>\n<p>Assistant Professor, Clinical Epidemiology and Biostatistics, Centre for Health Economics and Policy Analysis<\/p>\n<p>McMaster University<\/p>\n<p>Hamilton, Ontario<\/p>\n<p>&nbsp;<\/p>\n<p>Gordon Guyatt, OC, MD, MSc, FRCPC<\/p>\n<p>Distinguished Professor, Department of Clinical Epidemiology &amp; Biostatistics<\/p>\n<p>McMaster University<\/p>\n<p>Hamilton, Ontario<\/p>\n<p>&nbsp;<\/p>\n<p>Michael Hadskis<\/p>\n<p>Assistant Professor, School of Health Administration &amp; Schulich School of Law<\/p>\n<p>Dalhousie University<\/p>\n<p>Halifax, Nova Scotia<\/p>\n<p>&nbsp;<\/p>\n<p>Jeannie Haggerty, PhD<\/p>\n<p>McGill Research Chair in Family &amp; Community Medicine at St. Mary\u2019s Hospital<\/p>\n<p>McGill University<\/p>\n<p>Montreal, Qu\u00e9bec<\/p>\n<p>&nbsp;<\/p>\n<p>Trevor Hancock, Hon FFPH<\/p>\n<p>Professor and Senior Scholar, School of Public Health and Social Policy<\/p>\n<p>University of Victoria<\/p>\n<p>Victoria, British Columbia<\/p>\n<p>&nbsp;<\/p>\n<p>Gillian Hanley, PhD<\/p>\n<p>Assistant Professor, Department of Obstetrics &amp; Gynecology<\/p>\n<p>University of British Columbia<\/p>\n<p>Vancouver, British Columbia<\/p>\n<p>&nbsp;<\/p>\n<p>Rhona Hanning, PhD, RD, FDC<\/p>\n<p>Professor, School of Public Health &amp; Health Systems<\/p>\n<p>University of Waterloo<\/p>\n<p>Waterloo, Ontario<\/p>\n<p>&nbsp;<\/p>\n<p>Lori Hanson, PhD<\/p>\n<p>Associate Professor, Department of Community Health &amp;Epidemiology<\/p>\n<p>University of Saskatchewan<\/p>\n<p>Saskatoon, Saskatchewan<\/p>\n<p>Lisa Hartling, PhD<\/p>\n<p>Director, Alberta Research Centre for Health Evidence<\/p>\n<p>University of Alberta<\/p>\n<p>Edmonton, Alberta<\/p>\n<p>&nbsp;<\/p>\n<p>Linda Haslam Stroud, RN<\/p>\n<p>ONA Provincial President<\/p>\n<p>Ontario Nurses&#8217; Association<\/p>\n<p>Toronto, Ontario<\/p>\n<p>&nbsp;<\/p>\n<p>Marie Hatem, PhD<\/p>\n<p>Professeure titulaire, \u00c9cole de Sant\u00e9 Publique-D\u00e9partement de m\u00e9decine sociale et pr\u00e9ventive<\/p>\n<p>Universit\u00e9 de Montr\u00e9al<\/p>\n<p>Montr\u00e9al, Qu\u00e9bec<\/p>\n<p>&nbsp;<\/p>\n<p>Michael Hayes, PhD<\/p>\n<p>Director, School of Public Health and Social Policy<\/p>\n<p>University of Victoria<\/p>\n<p>Victoria, British Columbia<\/p>\n<p>&nbsp;<\/p>\n<p>Kate Hayman, MD, MPH, FRCPC<\/p>\n<p>Physician<\/p>\n<p>University Health Network<\/p>\n<p>Toronto, Ontario<\/p>\n<p>&nbsp;<\/p>\n<p>Brian Haynes, OC, MD, PhD, FRCPC<\/p>\n<p>Professor, Departments of Clinical Epidemiology &amp; Biostatistics and Medicine<\/p>\n<p>McMaster University<\/p>\n<p>Hamilton, Ontario<\/p>\n<p>&nbsp;<\/p>\n<p>Janet Hazelton, BScN, RN, MPA<\/p>\n<p>President<\/p>\n<p>Nova Scotia Nurses\u2019 Union<\/p>\n<p>Dartmouth, Nova Scotia<\/p>\n<p>&nbsp;<\/p>\n<p>R\u00e9jean H\u00e9bert, MD, MPhil<\/p>\n<p>Professeur titulaire, D\u00e9partement d&#8217;administration de la sant\u00e9 \u00c9cole de sant\u00e9 publique<\/p>\n<p>Universit\u00e9 de Montr\u00e9al<\/p>\n<p>Montr\u00e9al, Qu\u00e9bec<\/p>\n<p>&nbsp;<\/p>\n<p>&nbsp;<\/p>\n<p>&nbsp;<\/p>\n<p>George Heckman, MD, MSc, FRCPC<\/p>\n<p>Schlegel Research Chair in Geriatric Medicine, School of Public Health and Health Systems<\/p>\n<p>University of Waterloo<\/p>\n<p>Waterloo, Ontario<\/p>\n<p>&nbsp;<\/p>\n<p>David Henry, MB ChB, MRCP, FRCP<\/p>\n<p>Professor, Institute of Health Policy, Management and Evaluation<\/p>\n<p>University of Toronto<\/p>\n<p>Toronto, Ontario<\/p>\n<p>&nbsp;<\/p>\n<p>Marjolaine H\u00e9on, PhD<\/p>\n<p>Professeure adjointe, Facult\u00e9 des sciences infirmi\u00e8res<\/p>\n<p>Universit\u00e9 de Montr\u00e9al<\/p>\n<p>Montr\u00e9al, Qu\u00e9bec<\/p>\n<p>&nbsp;<\/p>\n<p>Matthew Herder, LLM, JSM<\/p>\n<p>Associate Professor, Faculties of Medicine and Law<\/p>\n<p>Dalhousie University<\/p>\n<p>Halifax, Nova Scotia<\/p>\n<p>&nbsp;<\/p>\n<p>Matt Hiltz, BSc, LLB<\/p>\n<p>Executive Director<\/p>\n<p>New Brunswick Nurses\u2019 Union<\/p>\n<p>Fredericton, New Brunswick<\/p>\n<p>&nbsp;<\/p>\n<p>Steven Hoffman, MA, JD, PhD<\/p>\n<p>Associate Professor, Faculty of Law<\/p>\n<p>University of Ottawa<\/p>\n<p>Ottawa, Ontario<\/p>\n<p>&nbsp;<\/p>\n<p>Corinne Hohl, MDCM, MHSc, BS, FRCPC, CCFP<\/p>\n<p>Associate Professor, Department of Emergency Medicine<\/p>\n<p>University of British Columbia<\/p>\n<p>Vancouver, British Columbia<\/p>\n<p>&nbsp;<\/p>\n<p>Anne Holbrook, MD, PharmD, MSc, FRCPC<\/p>\n<p>Director, Division of Clinical Pharmacology &amp; Toxicology; Professor, Department of Medicine<\/p>\n<p>McMaster University<\/p>\n<p>Hamilton, Ontario<\/p>\n<p>&nbsp;<\/p>\n<p>Aidan Hollis, PhD<\/p>\n<p>Professor, Department of Economics<\/p>\n<p>University of Calgary<\/p>\n<p>Calgary, Alberta<\/p>\n<p>&nbsp;<\/p>\n<p>Matthew Hunt, PhD, PT<\/p>\n<p>Assistant Professor and Director of Research, School of Physical and Occupational Therapy<\/p>\n<p>McGill University<\/p>\n<p>Montreal, Qu\u00e9bec<\/p>\n<p>&nbsp;<\/p>\n<p>Jeremiah Hurley, PhD<\/p>\n<p>Professor and Chair, Department of Economics<\/p>\n<p>McMaster University<\/p>\n<p>Hamilton, Ontario<\/p>\n<p>&nbsp;<\/p>\n<p>Winston Husbands, PhD<\/p>\n<p>Director of Research<\/p>\n<p>AIDS Committee of Toronto<\/p>\n<p>Toronto, Ontario<\/p>\n<p>&nbsp;<\/p>\n<p>Brian Hutchison, MD, MSc, FCFP<\/p>\n<p>Professor Emeritus, Departments of Family Medicine and Clinical Epidemiology and Biostatistics<\/p>\n<p>McMaster University<\/p>\n<p>Hamilton, Ontario<\/p>\n<p>&nbsp;<\/p>\n<p>Stephen Hwang, MD, MPH, FRCPC<\/p>\n<p>Director, Division of General Internal Medicine<\/p>\n<p>University of Toronto<\/p>\n<p>Toronto, Ontario<\/p>\n<p>&nbsp;<\/p>\n<p>Alistair Ingram, MD, FRCPC<\/p>\n<p>Professor of Medicine and Chief of Medicine, St. Joseph&#8217;s Healthcare<\/p>\n<p>McMaster University<\/p>\n<p>Hamilton, Ontario<\/p>\n<p>&nbsp;<\/p>\n<p>Noah Ivers, MD, PhD, CCFP<\/p>\n<p>Scientist, Women&#8217;s College Research Institute<\/p>\n<p>Women&#8217;s College Hospital<\/p>\n<p>Toronto, Ontario<\/p>\n<p>&nbsp;<\/p>\n<p>&nbsp;<\/p>\n<p>&nbsp;<\/p>\n<p>Robert James, MD, FCFP<\/p>\n<p>Adjunct Professor, Graduate Program in Health Policy and Equity<\/p>\n<p>York University<\/p>\n<p>Toronto, Ontario<\/p>\n<p>&nbsp;<\/p>\n<p>Craig Janes, PhD<\/p>\n<p>Professor and Director, School of Public Health &amp; Health Systems<\/p>\n<p>University of Waterloo<\/p>\n<p>Waterloo, Ontario<\/p>\n<p>&nbsp;<\/p>\n<p>Joy Johnson, PhD, RN, FCAHS<\/p>\n<p>Professor, Faculty of Health Sciences<\/p>\n<p>Simon Fraser University<\/p>\n<p>Burnaby, British Columbia<\/p>\n<p>&nbsp;<\/p>\n<p>Marcella Jones, MPH, MD Candidate 2017<\/p>\n<p>Medical Student<\/p>\n<p>University of Toronto<\/p>\n<p>Toronto, Ontario<\/p>\n<p>&nbsp;<\/p>\n<p>Jill Kambeitz, MD, CCFP<\/p>\n<p>Clinical Assistant Professor<\/p>\n<p>University of Saskatchewan<\/p>\n<p>Saskatoon, Saskatchewan<\/p>\n<p>&nbsp;<\/p>\n<p>Nick Kates, MB.BS FRCPC<\/p>\n<p>Professor &amp; Chair, Dept. of Psychiatry &amp; Behavioural Neurosciences<\/p>\n<p>McMaster University<\/p>\n<p>Hamilton, Ontario<\/p>\n<p>&nbsp;<\/p>\n<p>Alan Katz, MBChB, MSc, CCFP<\/p>\n<p>Director, Manitoba Centre for Health Policy<\/p>\n<p>University of Manitoba<\/p>\n<p>Winnipeg, Manitoba<\/p>\n<p>&nbsp;<\/p>\n<p>Stephen Katz, PhD<\/p>\n<p>Professor, Department of Sociology<\/p>\n<p>Trent University<\/p>\n<p>Peterborough, Ontario<\/p>\n<p>&nbsp;<\/p>\n<p>Arminee Kazanjian, DrSoc<\/p>\n<p>Professor, School of Population and Public Health<\/p>\n<p>University of British Columbia<\/p>\n<p>Vancouver, British Columbia<\/p>\n<p>Claire Kendall, MD, PhD, MSc(Public Health)<\/p>\n<p>Associate Professor, Department of Family Medicine<\/p>\n<p>University of Ottawa<\/p>\n<p>Ottawa, Ontario<\/p>\n<p>&nbsp;<\/p>\n<p>Nadia Khan, MD, MSc, FRCPC<\/p>\n<p>Professor of Medicine<\/p>\n<p>University of British Columbia<\/p>\n<p>Vancouver, British Columbia<\/p>\n<p>&nbsp;<\/p>\n<p>Kapil Khatter, MD<\/p>\n<p>Family Physician and Lecturer<\/p>\n<p>University of Ottawa<\/p>\n<p>Ottawa, Ontario<\/p>\n<p>&nbsp;<\/p>\n<p>Rutherford Kimberly, MD, MSc, CCFP<\/p>\n<p>Family Physician, Spectrum Health; Medical Coordinator, Primary Outreach Services, Vancouver Coastal Health; Clinical Instructor, Department of Family Practice, University of British Columbia<\/p>\n<p>University of British Columbia<\/p>\n<p>Vancouver, British Columbia<\/p>\n<p>&nbsp;<\/p>\n<p>Carol Kitai, MD, FCFP, PhD<\/p>\n<p>Family Medicine, Women&#8217;s College Hospital<\/p>\n<p>University of Toronto<\/p>\n<p>Toronto, Ontario<\/p>\n<p>&nbsp;<\/p>\n<p>Mieke Koehoorn, PhD<\/p>\n<p>Professor and Head, Occupational and Environmental Health Division, School of Population and Public Health<\/p>\n<p>University of British Columbia<\/p>\n<p>Vancouver, British Columbia<\/p>\n<p>&nbsp;<\/p>\n<p>Jillian Clare Kohler, PhD<\/p>\n<p>Associate Professor, Leslie Dan Faculty of Pharmacy, Munk School of Global Affairs &amp; Dalla Lana School of Public Health<\/p>\n<p>University of Toronto<\/p>\n<p>Toronto, Ontario<\/p>\n<p>&nbsp;<\/p>\n<p>&nbsp;<\/p>\n<p>&nbsp;<\/p>\n<p>Jacek Kopec, MD, MSc, PhD<\/p>\n<p>Professor and Head, Division of Epidemiology, Biostatistics and Public Health Practice<\/p>\n<p>University of British Columbia<\/p>\n<p>Vancouver, British Columbia<\/p>\n<p>&nbsp;<\/p>\n<p>Udo Krautwurst, PhD<\/p>\n<p>Associate Professor and Chair, Department of Sociology and Anthropology<\/p>\n<p>University of Prince Edward Island<\/p>\n<p>Charlottetown, Prince Edward Island<\/p>\n<p>&nbsp;<\/p>\n<p>I fan Kuo, PharmD, BSc (Pharm), MSc, ACPR, RPh<\/p>\n<p>Assistant Professor, College of Pharmacy<\/p>\n<p>University of Manitoba<\/p>\n<p>Winnipeg, Manitoba<\/p>\n<p>&nbsp;<\/p>\n<p>Ronald Labont\u00e9, PhD, FCAHS, HonFFPH<\/p>\n<p>Professor and Canada Research Chair, School of Epidemiology<\/p>\n<p>University of Ottawa<\/p>\n<p>Ottawa, Ontario<\/p>\n<p>&nbsp;<\/p>\n<p>Ismail Laher, PhD<\/p>\n<p>Professor, Department of Anesthesiology, Pharmacology and Therapeutics, Faculty of Medicine<\/p>\n<p>University of British Columbia<\/p>\n<p>Vancouver, British Columbia<\/p>\n<p>&nbsp;<\/p>\n<p>Susan Law, PhD<\/p>\n<p>Associate Professor, McGill Family Medicine<\/p>\n<p>McGill University<\/p>\n<p>Montreal, Qu\u00e9bec<\/p>\n<p>&nbsp;<\/p>\n<p>Isabelle Leblanc, MD, MSc, CQMF<\/p>\n<p>Assistant professor, Family medicine<\/p>\n<p>McGill University<\/p>\n<p>Montreal, Qu\u00e9bec<\/p>\n<p>&nbsp;<\/p>\n<p>Richard Lee, PhD, FRSC<\/p>\n<p>University Professor Emeritus, Department of Anthropology<\/p>\n<p>University of Toronto<\/p>\n<p>Toronto, Ontario<\/p>\n<p>Brenda LeFran\u00e7ois, PhD<\/p>\n<p>Professor, School of Social Work and Division of Community Health and Humanities, Faculty of Medicine<\/p>\n<p>Memorial University of Newfoundland<\/p>\n<p>St. John&#8217;s, Newfoundland and Labrador<\/p>\n<p>&nbsp;<\/p>\n<p>Pascale Lehoux, PhD<\/p>\n<p>Researcher, Institute of Public Health Research<\/p>\n<p>Universit\u00e9 de Montr\u00e9al<\/p>\n<p>Montr\u00e9al, Qu\u00e9bec<\/p>\n<p>&nbsp;<\/p>\n<p>Trudo Lemmens, LicJur, LLM, DCL<\/p>\n<p>Professor and Scholl Chair in Health Law and Policy, Faculty of Law, Dalla Lana School of Public Health, and Joint Centre for Bioethics<\/p>\n<p>University of Toronto<\/p>\n<p>Toronto, Ontario<\/p>\n<p>&nbsp;<\/p>\n<p>Christine Leong, PharmD<\/p>\n<p>Assistant Professor and FMC Clinical Pharmacist, College of Pharmacy<\/p>\n<p>University of Manitoba<\/p>\n<p>Winnipeg, Manitoba<\/p>\n<p>&nbsp;<\/p>\n<p>Grigorios Leontiadis, MD, PhD<\/p>\n<p>Associate Professor, Department of Medicine<\/p>\n<p>McMaster University<\/p>\n<p>Hamilton, Ontario<\/p>\n<p>&nbsp;<\/p>\n<p>Joel Lexchin, MSc, MD<\/p>\n<p>Professor, School of Health Policy and Management<\/p>\n<p>York University<\/p>\n<p>Toronto, Ontario<\/p>\n<p>&nbsp;<\/p>\n<p>Lisa Lix, PhD, PStat<\/p>\n<p>Professor and Manitoba Research Chair, Department of Community Health Sciences<\/p>\n<p>University of Manitoba<\/p>\n<p>Winnipeg, Manitoba<\/p>\n<p>&nbsp;<\/p>\n<p>&nbsp;<\/p>\n<p>&nbsp;<\/p>\n<p>Stan Lubin, MD, MPH<\/p>\n<p>Professor Emeritus, Department of Family Practice<\/p>\n<p>University of British Columbia<\/p>\n<p>Vancouver, British Columbia<\/p>\n<p>&nbsp;<\/p>\n<p>Sharon Macdonald, MD, FRCPC<\/p>\n<p>Associate Professor, Dept of Community Health Sciences<\/p>\n<p>University of Manitoba<\/p>\n<p>Winnipeg, Manitoba<\/p>\n<p>&nbsp;<\/p>\n<p>Ellen MacEachen, PhD<\/p>\n<p>Associate Professor, School of Public Health and Health Systems<\/p>\n<p>University of Waterloo<\/p>\n<p>Waterloo, Ontario<\/p>\n<p>&nbsp;<\/p>\n<p>Constance MacIntosh, BA, MA, LLB<\/p>\n<p>Director, Dalhousie Health Law Institute<\/p>\n<p>Dalhousie University<\/p>\n<p>Halifax, Nova Scotia<\/p>\n<p>&nbsp;<\/p>\n<p>Andr\u00e9 Magnan, PhD<\/p>\n<p>Associate Professor, Sociology and Social Studies<\/p>\n<p>University of Regina<\/p>\n<p>Regina, Saskatchewan<\/p>\n<p>&nbsp;<\/p>\n<p>Sally Mahood, MD, CCFP, FCFP<\/p>\n<p>Associate Professor, Family Medicine<\/p>\n<p>University of Saskatchewan<\/p>\n<p>Regina, Saskatchewan<\/p>\n<p>&nbsp;<\/p>\n<p>Abeer Majeed, MD, CCFP<\/p>\n<p>PGY3 Fellow, Clinical Environmental Health<\/p>\n<p>University of Toronto<\/p>\n<p>Toronto, Ontario<\/p>\n<p>&nbsp;<\/p>\n<p>Dee Mangin, MBChB, DPH, FRNZCGP<\/p>\n<p>David Braley Nancy Gordon Chair in Family Medicine<\/p>\n<p>McMaster University<\/p>\n<p>Hamilton, Ontario<\/p>\n<p>&nbsp;<\/p>\n<p>&nbsp;<\/p>\n<p>Sharon Manson Singer, MSW, PhD<\/p>\n<p>Professor (retired), School of Public Policy<\/p>\n<p>Simon Fraser University<\/p>\n<p>Burnaby, British Columbia<\/p>\n<p>&nbsp;<\/p>\n<p>Greg Marchildon, PhD, MA, LLB<\/p>\n<p>Ontario Research Chair in Health Policy and System Design, Institute of Health Policy, Management and Evaluation<\/p>\n<p>University of Toronto<\/p>\n<p>Toronto, Ontario<\/p>\n<p>&nbsp;<\/p>\n<p>Danielle Martin, MD, CCFP, MPP<\/p>\n<p>Vice President, Medical Affairs and Health System Solutions, Women&#8217;s College Hospital<\/p>\n<p>University of Toronto<\/p>\n<p>Toronto, Ontario<\/p>\n<p>&nbsp;<\/p>\n<p>Ruth Martin Misener, RN-NP, PhD<\/p>\n<p>Professor, School of Nursing<\/p>\n<p>Dalhousie University<\/p>\n<p>Halifax, Nova Scotia<\/p>\n<p>&nbsp;<\/p>\n<p>Allan Maslove, PhD<\/p>\n<p>Professor, School of Public Policy &amp; Administration<\/p>\n<p>Carleton University<\/p>\n<p>Ottawa, Ontario<\/p>\n<p>&nbsp;<\/p>\n<p>Louise Masse, PhD<\/p>\n<p>Professor, School of Population and Public Health<\/p>\n<p>University of British Columbia<\/p>\n<p>Vancouver, British Columbia<\/p>\n<p>&nbsp;<\/p>\n<p>Maria Mathews, PhD<\/p>\n<p>Professor, Faculty of Medicine<\/p>\n<p>Memorial University of Newfoundland<\/p>\n<p>St. John&#8217;s, Newfoundland and Labrador<\/p>\n<p>&nbsp;<\/p>\n<p>Chris McCabe, PhD<\/p>\n<p>Professor, Faculty of Medicine &amp; Dentistry<\/p>\n<p>University of Alberta<\/p>\n<p>Edmonton, Alberta<\/p>\n<p>&nbsp;<\/p>\n<p>&nbsp;<\/p>\n<p>&nbsp;<\/p>\n<p>Patrick McGowan, PhD<\/p>\n<p>University of Victoria<\/p>\n<p>Victoria, British Columbia<\/p>\n<p>&nbsp;<\/p>\n<p>David McGrane, PhD<\/p>\n<p>Associate Professor of Political Studies<\/p>\n<p>University of Saskatchewan<\/p>\n<p>Saskatoon, Saskatchewan<\/p>\n<p>&nbsp;<\/p>\n<p>Margaret McGregor, MD, MHSc<\/p>\n<p>Clinical Associate Professor, Department of Family Practice, Faculty of Medicine<\/p>\n<p>University of British Columbia<\/p>\n<p>Vancouver, British Columbia<\/p>\n<p>&nbsp;<\/p>\n<p>Tom McIntosh, PhD<\/p>\n<p>Professor, Politics and International Studies<\/p>\n<p>University of Regina<\/p>\n<p>Regina, Saskatchewan<\/p>\n<p>&nbsp;<\/p>\n<p>Vicki McKenna, RN<\/p>\n<p>ONA 1st Vice President<\/p>\n<p>Ontario Nurses&#8217; Association<\/p>\n<p>Toronto, Ontario<\/p>\n<p>&nbsp;<\/p>\n<p>Ian McKillop, PhD, FRSPH<\/p>\n<p>Director, Professional Practice Centre in Health Systems<\/p>\n<p>University of Waterloo<\/p>\n<p>Waterloo, Ontario<\/p>\n<p>&nbsp;<\/p>\n<p>Logan McLeod, PhD<\/p>\n<p>Associate Professor, Department of Economics<\/p>\n<p>Wilfrid Laurier University<\/p>\n<p>Waterloo, Ontario<\/p>\n<p>&nbsp;<\/p>\n<p>Bob McMurtry, CM, MD, FRCSC, FACS<\/p>\n<p>Professor Emeritus, Schulich School of Medicine &amp; Dentistry<\/p>\n<p>Western University<\/p>\n<p>London, Ontario<\/p>\n<p>&nbsp;<\/p>\n<p>Chetan Mehta, MD, MA, CCFP<\/p>\n<p>Family Physician<\/p>\n<p>Central Toronto Community Health Centre<\/p>\n<p>Toronto, Ontario<\/p>\n<p>Tushar Mehta, MD, CCFP<\/p>\n<p>Emergency Physician<\/p>\n<p>Brampton Civic Hospital<\/p>\n<p>Brampton, Ontario<\/p>\n<p>&nbsp;<\/p>\n<p>Ryan Meili, MD, CCFP<\/p>\n<p>Head, Division of Social Accountability<\/p>\n<p>University of Saskatchewan<\/p>\n<p>Saskatoon, Saskatchewan<\/p>\n<p>&nbsp;<\/p>\n<p>Colleen Metge, PhD<\/p>\n<p>Director, Evaluation Platform, George &amp; Fay Yee Centre for Healthcare Innovation<\/p>\n<p>University of Manitoba<\/p>\n<p>Winnipeg, Manitoba<\/p>\n<p>&nbsp;<\/p>\n<p>Fiona Miller, PhD<\/p>\n<p>Associate Professor, Institute of Health Policy, Management and Evaluation<\/p>\n<p>University of Toronto<\/p>\n<p>Toronto, Ontario<\/p>\n<p>&nbsp;<\/p>\n<p>Barbara Mintzes, PhD<\/p>\n<p>Senior Lecturer, Faculty of Pharmacy<\/p>\n<p>University of Sydney<\/p>\n<p>Sydney, Australia<\/p>\n<p>&nbsp;<\/p>\n<p>Craig Mitton, PhD<\/p>\n<p>Professor, School of Population and Public Health<\/p>\n<p>University of British Columbia<\/p>\n<p>Vancouver, British Columbia<\/p>\n<p>&nbsp;<\/p>\n<p>Michael Moffatt, MD, Msc, FRCPC<\/p>\n<p>Professor, Departments of Community Health Sciences and Paediatrics and Child Health<\/p>\n<p>University of Manitoba<\/p>\n<p>Winnipeg, Manitoba<\/p>\n<p>&nbsp;<\/p>\n<p>David Moher, PhD<\/p>\n<p>Associate Professor, School of Epidemiology, Public Health and Preventive Medicine, Faculty of Medicine<\/p>\n<p>University of Ottawa<\/p>\n<p>Ottawa, Ontario<\/p>\n<p>&nbsp;<\/p>\n<p>&nbsp;<\/p>\n<p>&nbsp;<\/p>\n<p>William Montelpare, PhD<\/p>\n<p>Professor; Margaret and Wallace McCain Chair in Human Development and Health<\/p>\n<p>University of Prince Edward Island<\/p>\n<p>Charlottetown, Prince Edward Island<\/p>\n<p>&nbsp;<\/p>\n<p>Steve Morgan, PhD<\/p>\n<p>Professor, School of Population and Public Health<\/p>\n<p>University of British Columbia<\/p>\n<p>Vancouver, British Columbia<\/p>\n<p>&nbsp;<\/p>\n<p>Kathy Moscou, RPh, MPH<\/p>\n<p>Doctoral candidate, Leslie Dan Faculty of Pharmacy and Dalla Lana Faculty of Public Health<\/p>\n<p>University of Toronto<\/p>\n<p>Toronto, Ontario<\/p>\n<p>&nbsp;<\/p>\n<p>Stephen Moses, MD, MPH<\/p>\n<p>Professor and Head, Department of Community Health Sciences<\/p>\n<p>University of Manitoba<\/p>\n<p>Winnipeg, Manitoba<\/p>\n<p>&nbsp;<\/p>\n<p>Eric Mykhalovskiy, PhD<\/p>\n<p>Associate Professor, Department of Sociology<\/p>\n<p>York University<\/p>\n<p>Toronto, Ontario<\/p>\n<p>&nbsp;<\/p>\n<p>Vic Neufeld, MD, MA, FRCPC<\/p>\n<p>Professor Emeritus, Department of Clinical Epidemiology &amp; Biostatistics<\/p>\n<p>McMaster University<\/p>\n<p>Hamilton, Ontario<\/p>\n<p>&nbsp;<\/p>\n<p>Sarah Newbery, MD, CCFP, FCFP<\/p>\n<p>Chief of Staff<\/p>\n<p>Wilson Memorial General\u00a0 Hospital<\/p>\n<p>Marathon, Ontario<\/p>\n<p>&nbsp;<\/p>\n<p>Melissa Newitt, MPPPA<\/p>\n<p>National Coordinator (Interim)<\/p>\n<p>Canadian Health Coalition<\/p>\n<p>Ottawa, Ontario<\/p>\n<p>&nbsp;<\/p>\n<p>&nbsp;<\/p>\n<p>Manon Niquette, PhD<\/p>\n<p>Professeure titulaire, D\u00e9partement d&#8217;information et de communication<\/p>\n<p>Universit\u00e9 Laval<\/p>\n<p>Qu\u00e9bec, Qu\u00e9bec<\/p>\n<p>&nbsp;<\/p>\n<p>Stephanie Nixon, PhD<\/p>\n<p>Associate Professor, Department of Physical Therapy<\/p>\n<p>University of Toronto<\/p>\n<p>Toronto, Ontario<\/p>\n<p>&nbsp;<\/p>\n<p>Tom Noseworthy, CM, MD, MSc, MPH, FRCPC, FACP<\/p>\n<p>Professor, Department of Community Health Sciences, O\u2019Brien Institute for Public Health<\/p>\n<p>University of Calgary<\/p>\n<p>Calgary, Alberta<\/p>\n<p>&nbsp;<\/p>\n<p>Ubaka Ogbogu, LLB, BL, LLM, SJD<\/p>\n<p>Assistant Professor and Katz Research Fellow in Health Law and Science Policy<\/p>\n<p>University of Alberta<\/p>\n<p>Edmonton, Alberta<\/p>\n<p>&nbsp;<\/p>\n<p>Catherine Oliver, MD<\/p>\n<p>Family Doctor<\/p>\n<p>Toronto<\/p>\n<p>Toronto, Ontario<\/p>\n<p>&nbsp;<\/p>\n<p>James Orbinski, OC, MD, MSC, Bsc, MA<\/p>\n<p>CIGI Research Chair &amp; Professor in Global Health<\/p>\n<p>Balsillie School of International Affairs<\/p>\n<p>Waterloo, Ontario<\/p>\n<p>&nbsp;<\/p>\n<p>Anita Palepu, MD, MPH<\/p>\n<p>Professor, Department of Medicine<\/p>\n<p>University of British Columbia<\/p>\n<p>Vancouver, British Columbia<\/p>\n<p>&nbsp;<\/p>\n<p>Karen Palmer, MPH, MSc<\/p>\n<p>Adjunct Professor, Faculty of Health Sciences<\/p>\n<p>Simon Fraser University<\/p>\n<p>Burnaby, British Columbia<\/p>\n<p>&nbsp;<\/p>\n<p>&nbsp;<\/p>\n<p>&nbsp;<\/p>\n<p>Michael Paterson, MSc<\/p>\n<p>Assistant Professor, Institute of Health Policy, Management and Evaluation<\/p>\n<p>University of Toronto<\/p>\n<p>Toronto, Ontario<\/p>\n<p>&nbsp;<\/p>\n<p>Amelie Perron, RN, PhD<\/p>\n<p>Associate Professor, School of Nursing<\/p>\n<p>University of Ottawa<\/p>\n<p>Ottawa, Ontario<\/p>\n<p>&nbsp;<\/p>\n<p>Nav Persaud, MD, MSc<\/p>\n<p>Associate Scientist, Li Ka Shing Knowledge Institute, St. Michael&#8217;s Hospital<\/p>\n<p>University of Toronto<\/p>\n<p>Toronto, Ontario<\/p>\n<p>&nbsp;<\/p>\n<p>Kevin Peters, PhD<\/p>\n<p>Associate Professor, Department of Psychology<\/p>\n<p>Trent University<\/p>\n<p>Peterborough, Ontario<\/p>\n<p>&nbsp;<\/p>\n<p>Andrew Pinto, MD, MSc, CCFP, FRCPC<\/p>\n<p>Assistant professor, Department of Family and Community Medicine<\/p>\n<p>University of Toronto<\/p>\n<p>Toronto, Ontario<\/p>\n<p>&nbsp;<\/p>\n<p>Jenny Ploeg, RN, PhD<\/p>\n<p>Professor and Scientific Director, Aging, Community and Health Research Unit<\/p>\n<p>McMaster University<\/p>\n<p>Hamilton, Ontario<\/p>\n<p>&nbsp;<\/p>\n<p>Marie-Pascale Pomey, MD, Msc, PhD<\/p>\n<p>Professor, Department of Health Administration<\/p>\n<p>Universit\u00e9 de Montr\u00e9al<\/p>\n<p>Montr\u00e9al, Qu\u00e9bec<\/p>\n<p>&nbsp;<\/p>\n<p>Elaine Power, PhD<\/p>\n<p>Associate Professor, School of Kinesiology and Health Studies<\/p>\n<p>Queen\u2019s University<\/p>\n<p>Kingston, Ontario<\/p>\n<p>&nbsp;<\/p>\n<p>&nbsp;<\/p>\n<p>Nicole Power, PhD<\/p>\n<p>Associate Professor, Department of Sociology<\/p>\n<p>Memorial University of Newfoundland<\/p>\n<p>St. John&#8217;s, Newfoundland and Labrador<\/p>\n<p>&nbsp;<\/p>\n<p>Marie-Claude Pr\u00e9mont, PhD<\/p>\n<p>Professor<\/p>\n<p>\u00c9cole nationale d\u2019administration publique<\/p>\n<p>Qu\u00e9bec, Qu\u00e9bec<\/p>\n<p>&nbsp;<\/p>\n<p>Dorothy Pringle, OC, RN, PhD, FCAHS<\/p>\n<p>Dean Emeritus &amp; Professor Emeritus, LS Bloomberg Faculty of Nursing<\/p>\n<p>University of Toronto<\/p>\n<p>Toronto, Ontario<\/p>\n<p>&nbsp;<\/p>\n<p>Eva Purkey, MD, MPH, CCFP<\/p>\n<p>Assistant Professor and Global Health Director, Department of Family Medicine<\/p>\n<p>Queen\u2019s University<\/p>\n<p>Kingston, Ontario<\/p>\n<p>&nbsp;<\/p>\n<p>Hude Quan, PhD<\/p>\n<p>Assistant Professor, Department of Community Health Sciences<\/p>\n<p>University of Calgary<\/p>\n<p>Calgary, Alberta<\/p>\n<p>&nbsp;<\/p>\n<p>Am\u00e9lie Quesnel-Vall\u00e9e, PhD<\/p>\n<p>Canada Research Chair in Policies and Health Inequalities, Departments of Epidemiology, Biostatistics and Occupational Health, and Sociology<\/p>\n<p>McGill University<\/p>\n<p>Montreal, Qu\u00e9bec<\/p>\n<p>&nbsp;<\/p>\n<p>Michael Rachlis, MD, MSc, FRCPC, LLD (Hon)<\/p>\n<p>Adjunct Professor, Dalla Lana School of Public Health<\/p>\n<p>University of Toronto<\/p>\n<p>Toronto, Ontario<\/p>\n<p>&nbsp;<\/p>\n<p>&nbsp;<\/p>\n<p>&nbsp;<\/p>\n<p>Nanky Rai, MD, MPH<\/p>\n<p>Family medicine resident<\/p>\n<p>University of Toronto<\/p>\n<p>Toronto, Ontario<\/p>\n<p>&nbsp;<\/p>\n<p>Dennis Raphael, PhD<\/p>\n<p>Professor of Health Policy and Management<\/p>\n<p>York University<\/p>\n<p>Toronto, Ontario<\/p>\n<p>&nbsp;<\/p>\n<p>Meb Rashid, MD<\/p>\n<p>Medical Director, Crossroads Clinical<\/p>\n<p>Women&#8217;s College Hospital<\/p>\n<p>Toronto, Ontario<\/p>\n<p>&nbsp;<\/p>\n<p>Colette Raymond, PharmD, MSc, ACPR, FCSHP<\/p>\n<p>Research Scientist, Manitoba Centre for Health Policy<\/p>\n<p>University of Manitoba<\/p>\n<p>Winnipeg, Manitoba<\/p>\n<p>&nbsp;<\/p>\n<p>Ayesha Raza, MD<\/p>\n<p>PGY1, Family Medicine<\/p>\n<p>St. Joseph&#8217;s Health Centre<\/p>\n<p>Toronto, Ontario<\/p>\n<p>&nbsp;<\/p>\n<p>Danyaal Raza, MD, MPH, CCFP<\/p>\n<p>Staff Physician, St. Michael&#8217;s Hospital; Lecturer, Department of Family &amp; Community Medicine<\/p>\n<p>University of Toronto<\/p>\n<p>Toronto, Ontario<\/p>\n<p>&nbsp;<\/p>\n<p>Lynette Reid, PhD<\/p>\n<p>Associate Professor, Department of Bioethics<\/p>\n<p>Dalhousie University<\/p>\n<p>Halifax, Nova Scotia<\/p>\n<p>&nbsp;<\/p>\n<p>Ali Reza Meghji, BSc(Pharm), RPh<\/p>\n<p>Lecturer, Pharmacist, Faculty of Pharmaceutical Sciences<\/p>\n<p>University of British Columbia<\/p>\n<p>Vancouver, British Columbia<\/p>\n<p>&nbsp;<\/p>\n<p>&nbsp;<\/p>\n<p>Marcia Rioux, CM, PhD<\/p>\n<p>Distinguished Research Professor, School of Health Policy and Management<\/p>\n<p>York University<\/p>\n<p>Toronto, Ontario<\/p>\n<p>&nbsp;<\/p>\n<p>Paula Rochon, MD, MPH<\/p>\n<p>Senior Scientist, Women\u2019s College Research Institute; Professor, Department of Medicine<\/p>\n<p>University of Toronto<\/p>\n<p>Toronto, Ontario<\/p>\n<p>&nbsp;<\/p>\n<p>Cheryl Rockman-Greenberg, MDCM, FRCPC, FCCMG<\/p>\n<p>Distinguished Professor, Depts. of Pediatrics and Child Health &amp; Biochemistry and Medical Genetics<\/p>\n<p>University of Manitoba<\/p>\n<p>Winnipeg, Manitoba<\/p>\n<p>&nbsp;<\/p>\n<p>Scott Ronis, PhD<\/p>\n<p>Associate Professor, Department of Psychology<\/p>\n<p>University of New Brunswick<\/p>\n<p>Fredericton, New Brunswick<\/p>\n<p>&nbsp;<\/p>\n<p>Noralou Roos, CM, PhD<\/p>\n<p>Professor, College of Medicine, Faculty of Health Sciences<\/p>\n<p>University of Manitoba<\/p>\n<p>Winnipeg, Manitoba<\/p>\n<p>&nbsp;<\/p>\n<p>Harriet Rosenberg, PhD<\/p>\n<p>Professor Emerita, Health and Society Program, Department of Social Science<\/p>\n<p>York University<\/p>\n<p>Toronto, Ontario<\/p>\n<p>&nbsp;<\/p>\n<p>Paul Rosenberg, MD<\/p>\n<p>Physician Associate, Medical\u00a0 Oncology<\/p>\n<p>University of Toronto<\/p>\n<p>Toronto, Ontario<\/p>\n<p>&nbsp;<\/p>\n<p>Peter Ruben, PhD<\/p>\n<p>Burnaby Mountain Professor, Department of Biomedical Physiology and Kinesiology<\/p>\n<p>Simon Fraser University<\/p>\n<p>Burnaby, British Columbia<\/p>\n<p>Jalil Safaei, PhD<\/p>\n<p>Professor, Department of Economics<\/p>\n<p>University of Northern British Columbia<\/p>\n<p>Prince George, British Columbia<\/p>\n<p>&nbsp;<\/p>\n<p>Anne Sales, PhD<\/p>\n<p>Professor, School of Medicine<\/p>\n<p>University of Michigan<\/p>\n<p>Ann Arbor, USA<\/p>\n<p>&nbsp;<\/p>\n<p>Rosana Salvaterra, MD, CCFP, MSC, FRCPC<\/p>\n<p>Medical Officer of Health<\/p>\n<p>Peterborough County-City Health Unit<\/p>\n<p>Peterborough, Ontario<\/p>\n<p>&nbsp;<\/p>\n<p>Arthur Schafer, BLitt (Oxford)<\/p>\n<p>Director, Centre for Professional and Applied Ethics<\/p>\n<p>University of Manitoba<\/p>\n<p>Winnipeg, Manitoba<\/p>\n<p>&nbsp;<\/p>\n<p>Ted Schrecker<\/p>\n<p>Professor of Global Health Policy, School of Medicine, Pharmacy and Health<\/p>\n<p>Durham University<\/p>\n<p>Stockton-on-Tees, United Kingdom<\/p>\n<p>&nbsp;<\/p>\n<p>Michael Schull, MD, MSc, FRCPC<\/p>\n<p>Professor, Department of Medicine, Faculty of Medicine<\/p>\n<p>University of Toronto<\/p>\n<p>Toronto, Ontario<\/p>\n<p>&nbsp;<\/p>\n<p>Michael Schwandt, MD, MPH, FRCPC<\/p>\n<p>Assistant Professor, Community Health and Epidemiology<\/p>\n<p>University of Saskatchewan<\/p>\n<p>Saskatoon, Saskatchewan<\/p>\n<p>&nbsp;<\/p>\n<p>Fran Scott, MD, MSc, CCFP, FRCPC<\/p>\n<p>Associate Professor, Clinical Epidemiology and Biostatistics<\/p>\n<p>McMaster University<\/p>\n<p>Hamilton, Ontario<\/p>\n<p>&nbsp;<\/p>\n<p>&nbsp;<\/p>\n<p>Louise S\u00e9guin, MD, MPH<\/p>\n<p>Researcher and honorary professor, Department of Social and Preventive Medicine<\/p>\n<p>Universit\u00e9 de Montr\u00e9al<\/p>\n<p>Montr\u00e9al, Qu\u00e9bec<\/p>\n<p>&nbsp;<\/p>\n<p>Stuart Shanker, DPhil<\/p>\n<p>Distinguished Research Professor<\/p>\n<p>York University<\/p>\n<p>Toronto, Ontario<\/p>\n<p>&nbsp;<\/p>\n<p>Malika Sharma, MD, FRCPC<\/p>\n<p>Infectious Diseases\/HIV Physician, Maple Leaf Medical Clinic; Research fellow, Wilson Centre for Research in Education<\/p>\n<p>University of Toronto<\/p>\n<p>Toronto, Ontario<\/p>\n<p>&nbsp;<\/p>\n<p>Osmaan Sheikh, MD, BSc, CCFP<\/p>\n<p>Family Physician<\/p>\n<p>Department of Defence<\/p>\n<p>Esquimalt, British Columbia<\/p>\n<p>&nbsp;<\/p>\n<p>Sam Sheps, MD, MSc, FRCPC<\/p>\n<p>Professor, School of Population and Public Health<\/p>\n<p>University of British Columbia<\/p>\n<p>Vancouver, British Columbia<\/p>\n<p>&nbsp;<\/p>\n<p>Brendan Shields, BMT, MTA<\/p>\n<p>Music Therapist<\/p>\n<p>Vancouver Coastal Health<\/p>\n<p>Vancouver, British Columbia<\/p>\n<p>&nbsp;<\/p>\n<p>Adrienne Shnier, MA<\/p>\n<p>Doctoral Candidate<\/p>\n<p>York University<\/p>\n<p>Toronto, Ontario<\/p>\n<p>&nbsp;<\/p>\n<p>Jean Shoveller, PhD, FCAHS<\/p>\n<p>Professor, School of Population &amp; Public Health<\/p>\n<p>University of British Columbia<\/p>\n<p>Vancouver, British Columbia<\/p>\n<p>&nbsp;<\/p>\n<p>&nbsp;<\/p>\n<p>&nbsp;<\/p>\n<p>Claude Sicotte<\/p>\n<p>Professor, Department of Health Administration<\/p>\n<p>Universit\u00e9 de Montr\u00e9al<\/p>\n<p>Montr\u00e9al, Qu\u00e9bec<\/p>\n<p>&nbsp;<\/p>\n<p>Linda Silas, RN, BScN<\/p>\n<p>President<\/p>\n<p>Canadian Federation of Nurses Unions<\/p>\n<p>Ottawa, Ontario<\/p>\n<p>&nbsp;<\/p>\n<p>Sergio Sismondo, PhD<\/p>\n<p>Professor, Department of Philosophy<\/p>\n<p>Queen\u2019s University<\/p>\n<p>Kingston, Ontario<\/p>\n<p>&nbsp;<\/p>\n<p>Amanda Slaunwhite, PhD<\/p>\n<p>Post-Doctoral Fellow<\/p>\n<p>University of New Brunswick<\/p>\n<p>Fredericton, New Brunswick<\/p>\n<p>&nbsp;<\/p>\n<p>Kate Smolina, PhD<\/p>\n<p>Postdoctoral Fellow, School of Population and Public Health<\/p>\n<p>University of British Columbia<\/p>\n<p>Vancouver, British Columbia<\/p>\n<p>&nbsp;<\/p>\n<p>Jerry Spiegel, PhD<\/p>\n<p>Professor, School of Population and Public Health<\/p>\n<p>University of British Columbia<\/p>\n<p>Vancouver, British Columbia<\/p>\n<p>&nbsp;<\/p>\n<p>Matthew Stanbrook, MD, PhD, FRCPC, FACP<\/p>\n<p>Associate Professor, Department of Medicine<\/p>\n<p>University of Toronto<\/p>\n<p>Toronto, Ontario<\/p>\n<p>&nbsp;<\/p>\n<p>John Staples, MD, FRCPC, MPH<\/p>\n<p>Clinical Assistant Professor, Department of Medicine (2016)<\/p>\n<p>University of British Columbia<\/p>\n<p>Vancouver, British Columbia<\/p>\n<p>&nbsp;<\/p>\n<p>&nbsp;<\/p>\n<p>Jocelyne St-Arnaud, PhD<\/p>\n<p>Professeure associ\u00e9e, D\u00e9partement de m\u00e9decine sociale et pr\u00e9ventive<\/p>\n<p>Universit\u00e9 de Montr\u00e9al<\/p>\n<p>Montr\u00e9al, Qu\u00e9bec<\/p>\n<p>&nbsp;<\/p>\n<p>Carol Strike, PhD<\/p>\n<p>Associate Professor, Dalla Lana School of Public Health<\/p>\n<p>University of Toronto<\/p>\n<p>Toronto, Ontario<\/p>\n<p>&nbsp;<\/p>\n<p>Erin Strumpf, PhD<\/p>\n<p>Associate Professor, Department of Economics and Department of Epidemiology, Biostatistics, and Occupational Health<\/p>\n<p>McGill University<\/p>\n<p>Montreal, Qu\u00e9bec<\/p>\n<p>&nbsp;<\/p>\n<p>Therese Stukel, PhD<\/p>\n<p>Professor, Institute of Health Policy, Management and Evaluation<\/p>\n<p>University of Toronto<\/p>\n<p>Toronto, Ontario<\/p>\n<p>&nbsp;<\/p>\n<p>Robyn Tamblyn, CM, PhD<\/p>\n<p>Professor, Department of Medicine and Department of Epidemiology and Biostatistics<\/p>\n<p>McGill University<\/p>\n<p>Montreal, Qu\u00e9bec<\/p>\n<p>&nbsp;<\/p>\n<p>Cara Tannenbaum, MD, MSc<\/p>\n<p>Professor, Faculties of Medicine and Pharmacy<\/p>\n<p>Universit\u00e9 de Montr\u00e9al<\/p>\n<p>Montr\u00e9al, Qu\u00e9bec<\/p>\n<p>&nbsp;<\/p>\n<p>Valerie Tarasuk, PhD<\/p>\n<p>Professor, Department of Nutritional Sciences and Dalla Lana School of Public Health<\/p>\n<p>University of Toronto<\/p>\n<p>Toronto, Ontario<\/p>\n<p>&nbsp;<\/p>\n<p>&nbsp;<\/p>\n<p>&nbsp;<\/p>\n<p>Amardeep Thind, MD, PhD<\/p>\n<p>Canada Research Chair in Health Services Research, Departments of Epidemiology &amp; Biostatistics and Family Medicine<\/p>\n<p>Western University<\/p>\n<p>London, Ontario<\/p>\n<p>&nbsp;<\/p>\n<p>Alison Thompson, PhD<\/p>\n<p>Associate Professor, Leslie Dan Faculty of Pharmacy, Dalla Lana School of Public Health &amp; Joint Centre for Bioethics<\/p>\n<p>University of Toronto<\/p>\n<p>Toronto, Ontario<\/p>\n<p>&nbsp;<\/p>\n<p>Jim Thorsteinson, MD, CCCP, FCFP<\/p>\n<p>Physician, Three Bridges CHC; and, Clinical Professor, Family Practice<\/p>\n<p>University of British Columbia<\/p>\n<p>Vancouver, British Columbia<\/p>\n<p>&nbsp;<\/p>\n<p>Sarah Tuck, MD, CCFP<\/p>\n<p>Family Physician<\/p>\n<p>Pinecrest-Queensway Community Health Centre<\/p>\n<p>Ottawa, Ontario<\/p>\n<p>&nbsp;<\/p>\n<p>Peter Tugwell, OC, MD, FRCPC<\/p>\n<p>Canada Research Chair in Health Equity<\/p>\n<p>University of Ottawa<\/p>\n<p>Ottawa, Ontario<\/p>\n<p>&nbsp;<\/p>\n<p>Fernand Turcotte, MD, MPH, FRCPC<\/p>\n<p>Professeur \u00e9m\u00e9rite, D\u00e9pt. de m\u00e9decine sociale et pr\u00e9ventive, Facult\u00e9 de m\u00e9decine<\/p>\n<p>Universit\u00e9 Laval<\/p>\n<p>Qu\u00e9bec, Qu\u00e9bec<\/p>\n<p>&nbsp;<\/p>\n<p>Robin Urquhart, PhD<\/p>\n<p>Assistant Professor, Department of Surgery<\/p>\n<p>Dalhousie University<\/p>\n<p>Halifax, Nova Scotia<\/p>\n<p>&nbsp;<\/p>\n<p>Cathy Vakil, MD, CCFP, FCFP<\/p>\n<p>Assistant Professor, Department of Family Medicine<\/p>\n<p>Queen\u2019s University<\/p>\n<p>Kingston, Ontario<\/p>\n<p>Bilkis Vissandjee, PhD<\/p>\n<p>Professeure titulaire, Facult\u00e9 des sciences infirmi\u00e8res<\/p>\n<p>Universit\u00e9 de Montr\u00e9al<\/p>\n<p>Montr\u00e9al, Qu\u00e9bec<\/p>\n<p>&nbsp;<\/p>\n<p>Stephane Voyer, MDCM, MEd, FRCPC<\/p>\n<p>Clinical Assistant Professor, General Internal Medicine<\/p>\n<p>University of British Columbia<\/p>\n<p>Vancouver, British Columbia<\/p>\n<p>&nbsp;<\/p>\n<p>Rebecca Warburton, PhD<\/p>\n<p>Associate Professor, School of Public Administration<\/p>\n<p>University of Victoria<\/p>\n<p>Victoria, British Columbia<\/p>\n<p>&nbsp;<\/p>\n<p>Duff Waring, LLB, PhD<\/p>\n<p>Associate Professor, Department of Philosophy<\/p>\n<p>York University<\/p>\n<p>Toronto, Ontario<\/p>\n<p>&nbsp;<\/p>\n<p>Fiona Webster, PhD<\/p>\n<p>Associate Professor, Department of Family and Community Medicine<\/p>\n<p>University of Toronto<\/p>\n<p>Toronto, Ontario<\/p>\n<p>&nbsp;<\/p>\n<p>Leah Welsh, B.Sc, B. Sc (pharm), RPh<\/p>\n<p>Pharmacist<\/p>\n<p>Victoria, British Columbia<\/p>\n<p>&nbsp;<\/p>\n<p>Robin Whitaker, PhD<\/p>\n<p>Associate Professor, Department of Anthropology<\/p>\n<p>Memorial University of Newfoundland<\/p>\n<p>St. John&#8217;s, Newfoundland and Labrador<\/p>\n<p>&nbsp;<\/p>\n<p>Sheila Wildeman, MA, LLM<\/p>\n<p>Associate Professor, Schulich School of Law; Associate Director, Dalhousie Health Law Institute<\/p>\n<p>Dalhousie University<\/p>\n<p>Halifax, Nova Scotia<\/p>\n<p>&nbsp;<\/p>\n<p>&nbsp;<\/p>\n<p>&nbsp;<\/p>\n<p>Bryn Williams-Jones, PhD<\/p>\n<p>Associate Professor, Department of Social and Preventive Medicine, School of Public Health<\/p>\n<p>Universit\u00e9 de Montr\u00e9al<\/p>\n<p>Montr\u00e9al, Qu\u00e9bec<\/p>\n<p>&nbsp;<\/p>\n<p>Brenda Wilson, MSc, MB, ChB<\/p>\n<p>Professor, School of Epidemiology, Public Health and Preventive Medicine<\/p>\n<p>University of Ottawa<\/p>\n<p>Ottawa, Ontario<\/p>\n<p>&nbsp;<\/p>\n<p>Michael Wilson, PhD<\/p>\n<p>Assistant Professor, Department Clinical Epidemiology &amp; Biostatistics<\/p>\n<p>McMaster University<\/p>\n<p>Hamilton, Ontario<\/p>\n<p>&nbsp;<\/p>\n<p>Michael Wolfson, PhD, CRC, CAHS<\/p>\n<p>Canada Research Chair in Population Health Modelling\/Populomics<\/p>\n<p>University of Ottawa<\/p>\n<p>Ottawa, Ontario<\/p>\n<p>&nbsp;<\/p>\n<p>Bob Woollard, MD, CCFP, FCFP<\/p>\n<p>Professor Department of Family Practice, Faculty of Medicine<\/p>\n<p>University of British Columbia<\/p>\n<p>Vancouver, British Columbia<\/p>\n<p>&nbsp;<\/p>\n<p>&nbsp;<\/p>\n<p>James Wright, MD, PhD, FRCPC<\/p>\n<p>Professor, Anesthesiology, Pharmacology and Therapeutics<\/p>\n<p>University of British Columbia<\/p>\n<p>Vancouver, British Columbia<\/p>\n<p>&nbsp;<\/p>\n<p>Terry Wuerz, MD, FRCPC, DTMH<\/p>\n<p>Internal Medicine &amp; Infectious Disease, Winnipeg Regional Health Authority; and Assistant Professor<\/p>\n<p>University of Manitoba<\/p>\n<p>Winnipeg, Manitoba<\/p>\n<p>&nbsp;<\/p>\n<p>Edward Xie, MD, CCFP(EM), DTM&amp;H<\/p>\n<p>Clinical Lecturer, Department of Family and Community Medicine<\/p>\n<p>University of Toronto<\/p>\n<p>Toronto, Ontario<\/p>\n<p>&nbsp;<\/p>\n<p>Annalee Yassi, MD, MSc, FRCPC<\/p>\n<p>Professor and Canada Research Chair in Global Health and Capacity Building<\/p>\n<p>University of British Columbia<\/p>\n<p>Vancouver, British Columbia<\/p>\n<p>&nbsp;<\/p>\n","protected":false},"excerpt":{"rendered":"<p>Tous les pays d\u00e9velopp\u00e9s dot\u00e9s d\u2019un syst\u00e8me universel de soins de sant\u00e9 fournissent une couverture pour les m\u00e9dicaments\u2026 sauf le Canada. Les probl\u00e8mes associ\u00e9s \u00e0 la courtepointe incompl\u00e8te de r\u00e9gimes canadiens de m\u00e9dicaments priv\u00e9s et publics \u2013 notamment les vastes obstacles \u00e0 l\u2019acc\u00e8s aux m\u00e9dicaments sur ordonnance, d\u2019importants fardeaux financiers pour les patientes et patients [&hellip;]<\/p>\n","protected":false},"author":913,"featured_media":292400,"comment_status":"closed","ping_status":"closed","sticky":false,"template":"","format":"standard","meta":{"_acf_changed":false,"content-type":"","ep_exclude_from_search":false,"footnotes":""},"categories":[],"tags":[],"article-status":[],"irpp-category":[],"section":[],"irpp-tag":[],"class_list":["post-292411","post","type-post","status-publish","format-standard","has-post-thumbnail","hentry"],"acf":[],"yoast_head":"<!-- This site is optimized with the Yoast SEO plugin v27.4 - https:\/\/yoast.com\/product\/yoast-seo-wordpress\/ -->\n<title>Lettre adress\u00e9e au premier ministre Trudeau pour demander une direction f\u00e9d\u00e9rale pour la couverture des m\u00e9dicaments<\/title>\n<meta name=\"robots\" content=\"index, follow, max-snippet:-1, max-image-preview:large, max-video-preview:-1\" \/>\n<link rel=\"canonical\" href=\"https:\/\/policyoptions.irpp.org\/fr\/2015\/11\/plus-de-300-universitaires-professionnelles-et-professionnels-de-la-sante-signent-la-lettre-adressee-au-premier-ministre-trudeau-sur-le-besoin-dune-direction-federale-pour-la-couverture\/\" \/>\n<meta property=\"og:locale\" content=\"fr_FR\" \/>\n<meta property=\"og:type\" content=\"article\" \/>\n<meta property=\"og:title\" content=\"Lettre adress\u00e9e au premier ministre Trudeau pour demander une direction f\u00e9d\u00e9rale pour la couverture des m\u00e9dicaments\" \/>\n<meta property=\"og:description\" content=\"Tous les pays d\u00e9velopp\u00e9s dot\u00e9s d\u2019un syst\u00e8me universel de soins de sant\u00e9 fournissent une couverture pour les m\u00e9dicaments\u2026 sauf le Canada. Les probl\u00e8mes associ\u00e9s \u00e0 la courtepointe incompl\u00e8te de r\u00e9gimes canadiens de m\u00e9dicaments priv\u00e9s et publics \u2013 notamment les vastes obstacles \u00e0 l\u2019acc\u00e8s aux m\u00e9dicaments sur ordonnance, d\u2019importants fardeaux financiers pour les patientes et patients [&hellip;]\" \/>\n<meta property=\"og:url\" content=\"https:\/\/policyoptions.irpp.org\/fr\/2015\/11\/plus-de-300-universitaires-professionnelles-et-professionnels-de-la-sante-signent-la-lettre-adressee-au-premier-ministre-trudeau-sur-le-besoin-dune-direction-federale-pour-la-couverture\/\" \/>\n<meta property=\"og:site_name\" content=\"Policy Options\" \/>\n<meta property=\"article:publisher\" content=\"https:\/\/www.facebook.com\/IRPP.org\" \/>\n<meta property=\"article:published_time\" content=\"2015-11-19T00:35:20+00:00\" \/>\n<meta property=\"article:modified_time\" content=\"2025-08-28T19:23:19+00:00\" \/>\n<meta property=\"og:image\" content=\"https:\/\/policyoptions.irpp.org\/wp-content\/uploads\/2025\/08\/Untitled-22.png\" \/>\n\t<meta property=\"og:image:width\" content=\"1993\" \/>\n\t<meta property=\"og:image:height\" content=\"698\" \/>\n\t<meta property=\"og:image:type\" content=\"image\/png\" \/>\n<meta name=\"author\" content=\"vkurzawa\" \/>\n<meta name=\"twitter:card\" content=\"summary_large_image\" \/>\n<meta name=\"twitter:creator\" content=\"@irpp\" \/>\n<meta name=\"twitter:site\" content=\"@irpp\" \/>\n<meta name=\"twitter:label1\" content=\"Written by\" \/>\n\t<meta name=\"twitter:data1\" content=\"vkurzawa\" \/>\n\t<meta name=\"twitter:label2\" content=\"Est. reading time\" \/>\n\t<meta name=\"twitter:data2\" content=\"36 minutes\" \/>\n<script type=\"application\/ld+json\" class=\"yoast-schema-graph\">{\"@context\":\"https:\\\/\\\/schema.org\",\"@graph\":[{\"@type\":\"NewsArticle\",\"@id\":\"https:\\\/\\\/policyoptions.irpp.org\\\/fr\\\/2015\\\/11\\\/plus-de-300-universitaires-professionnelles-et-professionnels-de-la-sante-signent-la-lettre-adressee-au-premier-ministre-trudeau-sur-le-besoin-dune-direction-federale-pour-la-couverture\\\/#article\",\"isPartOf\":{\"@id\":\"https:\\\/\\\/policyoptions.irpp.org\\\/fr\\\/2015\\\/11\\\/plus-de-300-universitaires-professionnelles-et-professionnels-de-la-sante-signent-la-lettre-adressee-au-premier-ministre-trudeau-sur-le-besoin-dune-direction-federale-pour-la-couverture\\\/\"},\"author\":{\"name\":\"vkurzawa\",\"@id\":\"https:\\\/\\\/policyoptions.irpp.org\\\/fr\\\/#\\\/schema\\\/person\\\/caa28d6bbc41d147877478e79aa84e6e\"},\"headline\":\"Lettre adress\u00e9e au premier ministre Trudeau pour demander une direction f\u00e9d\u00e9rale pour la couverture des m\u00e9dicaments\",\"datePublished\":\"2015-11-19T00:35:20+00:00\",\"dateModified\":\"2025-08-28T19:23:19+00:00\",\"mainEntityOfPage\":{\"@id\":\"https:\\\/\\\/policyoptions.irpp.org\\\/fr\\\/2015\\\/11\\\/plus-de-300-universitaires-professionnelles-et-professionnels-de-la-sante-signent-la-lettre-adressee-au-premier-ministre-trudeau-sur-le-besoin-dune-direction-federale-pour-la-couverture\\\/\"},\"wordCount\":7150,\"image\":{\"@id\":\"https:\\\/\\\/policyoptions.irpp.org\\\/fr\\\/2015\\\/11\\\/plus-de-300-universitaires-professionnelles-et-professionnels-de-la-sante-signent-la-lettre-adressee-au-premier-ministre-trudeau-sur-le-besoin-dune-direction-federale-pour-la-couverture\\\/#primaryimage\"},\"thumbnailUrl\":\"https:\\\/\\\/policyoptions.irpp.org\\\/wp-content\\\/uploads\\\/2025\\\/08\\\/Untitled-22.png\",\"inLanguage\":\"fr-FR\"},{\"@type\":\"WebPage\",\"@id\":\"https:\\\/\\\/policyoptions.irpp.org\\\/fr\\\/2015\\\/11\\\/plus-de-300-universitaires-professionnelles-et-professionnels-de-la-sante-signent-la-lettre-adressee-au-premier-ministre-trudeau-sur-le-besoin-dune-direction-federale-pour-la-couverture\\\/\",\"url\":\"https:\\\/\\\/policyoptions.irpp.org\\\/fr\\\/2015\\\/11\\\/plus-de-300-universitaires-professionnelles-et-professionnels-de-la-sante-signent-la-lettre-adressee-au-premier-ministre-trudeau-sur-le-besoin-dune-direction-federale-pour-la-couverture\\\/\",\"name\":\"Lettre adress\u00e9e au premier ministre Trudeau pour demander une direction f\u00e9d\u00e9rale pour la couverture des m\u00e9dicaments\",\"isPartOf\":{\"@id\":\"https:\\\/\\\/policyoptions.irpp.org\\\/fr\\\/#website\"},\"primaryImageOfPage\":{\"@id\":\"https:\\\/\\\/policyoptions.irpp.org\\\/fr\\\/2015\\\/11\\\/plus-de-300-universitaires-professionnelles-et-professionnels-de-la-sante-signent-la-lettre-adressee-au-premier-ministre-trudeau-sur-le-besoin-dune-direction-federale-pour-la-couverture\\\/#primaryimage\"},\"image\":{\"@id\":\"https:\\\/\\\/policyoptions.irpp.org\\\/fr\\\/2015\\\/11\\\/plus-de-300-universitaires-professionnelles-et-professionnels-de-la-sante-signent-la-lettre-adressee-au-premier-ministre-trudeau-sur-le-besoin-dune-direction-federale-pour-la-couverture\\\/#primaryimage\"},\"thumbnailUrl\":\"https:\\\/\\\/policyoptions.irpp.org\\\/wp-content\\\/uploads\\\/2025\\\/08\\\/Untitled-22.png\",\"datePublished\":\"2015-11-19T00:35:20+00:00\",\"dateModified\":\"2025-08-28T19:23:19+00:00\",\"author\":{\"@id\":\"https:\\\/\\\/policyoptions.irpp.org\\\/fr\\\/#\\\/schema\\\/person\\\/caa28d6bbc41d147877478e79aa84e6e\"},\"breadcrumb\":{\"@id\":\"https:\\\/\\\/policyoptions.irpp.org\\\/fr\\\/2015\\\/11\\\/plus-de-300-universitaires-professionnelles-et-professionnels-de-la-sante-signent-la-lettre-adressee-au-premier-ministre-trudeau-sur-le-besoin-dune-direction-federale-pour-la-couverture\\\/#breadcrumb\"},\"inLanguage\":\"fr-FR\",\"potentialAction\":[{\"@type\":\"ReadAction\",\"target\":[\"https:\\\/\\\/policyoptions.irpp.org\\\/fr\\\/2015\\\/11\\\/plus-de-300-universitaires-professionnelles-et-professionnels-de-la-sante-signent-la-lettre-adressee-au-premier-ministre-trudeau-sur-le-besoin-dune-direction-federale-pour-la-couverture\\\/\"]}]},{\"@type\":\"ImageObject\",\"inLanguage\":\"fr-FR\",\"@id\":\"https:\\\/\\\/policyoptions.irpp.org\\\/fr\\\/2015\\\/11\\\/plus-de-300-universitaires-professionnelles-et-professionnels-de-la-sante-signent-la-lettre-adressee-au-premier-ministre-trudeau-sur-le-besoin-dune-direction-federale-pour-la-couverture\\\/#primaryimage\",\"url\":\"https:\\\/\\\/policyoptions.irpp.org\\\/wp-content\\\/uploads\\\/2025\\\/08\\\/Untitled-22.png\",\"contentUrl\":\"https:\\\/\\\/policyoptions.irpp.org\\\/wp-content\\\/uploads\\\/2025\\\/08\\\/Untitled-22.png\",\"width\":1993,\"height\":698},{\"@type\":\"BreadcrumbList\",\"@id\":\"https:\\\/\\\/policyoptions.irpp.org\\\/fr\\\/2015\\\/11\\\/plus-de-300-universitaires-professionnelles-et-professionnels-de-la-sante-signent-la-lettre-adressee-au-premier-ministre-trudeau-sur-le-besoin-dune-direction-federale-pour-la-couverture\\\/#breadcrumb\",\"itemListElement\":[{\"@type\":\"ListItem\",\"position\":1,\"name\":\"Home\",\"item\":\"https:\\\/\\\/policyoptions.irpp.org\\\/fr\\\/\"},{\"@type\":\"ListItem\",\"position\":2,\"name\":\"Lettre adress\u00e9e au premier ministre Trudeau pour demander une direction f\u00e9d\u00e9rale pour la couverture des m\u00e9dicaments\"}]},{\"@type\":\"WebSite\",\"@id\":\"https:\\\/\\\/policyoptions.irpp.org\\\/fr\\\/#website\",\"url\":\"https:\\\/\\\/policyoptions.irpp.org\\\/fr\\\/\",\"name\":\"Policy Options\",\"description\":\"Institute for Research on Public Policy\",\"potentialAction\":[{\"@type\":\"SearchAction\",\"target\":{\"@type\":\"EntryPoint\",\"urlTemplate\":\"https:\\\/\\\/policyoptions.irpp.org\\\/fr\\\/?s={search_term_string}\"},\"query-input\":{\"@type\":\"PropertyValueSpecification\",\"valueRequired\":true,\"valueName\":\"search_term_string\"}}],\"inLanguage\":\"fr-FR\"},{\"@type\":\"Person\",\"@id\":\"https:\\\/\\\/policyoptions.irpp.org\\\/fr\\\/#\\\/schema\\\/person\\\/caa28d6bbc41d147877478e79aa84e6e\",\"name\":\"vkurzawa\",\"image\":{\"@type\":\"ImageObject\",\"inLanguage\":\"fr-FR\",\"@id\":\"https:\\\/\\\/secure.gravatar.com\\\/avatar\\\/000fc191cb4be23411c2528f5429f16b0d72633aac55540779eff4743edb6867?s=96&d=https%3A%2F%2Fpolicyoptions.irpp.org%2Fwp-content%2Fthemes%2Fsimone-blog%2Fimages%2Fmysteryman.png&r=g\",\"url\":\"https:\\\/\\\/secure.gravatar.com\\\/avatar\\\/000fc191cb4be23411c2528f5429f16b0d72633aac55540779eff4743edb6867?s=96&d=https%3A%2F%2Fpolicyoptions.irpp.org%2Fwp-content%2Fthemes%2Fsimone-blog%2Fimages%2Fmysteryman.png&r=g\",\"contentUrl\":\"https:\\\/\\\/secure.gravatar.com\\\/avatar\\\/000fc191cb4be23411c2528f5429f16b0d72633aac55540779eff4743edb6867?s=96&d=https%3A%2F%2Fpolicyoptions.irpp.org%2Fwp-content%2Fthemes%2Fsimone-blog%2Fimages%2Fmysteryman.png&r=g\",\"caption\":\"vkurzawa\"},\"url\":\"https:\\\/\\\/policyoptions.irpp.org\\\/fr\\\/author\\\/vkurzawa\\\/\"}]}<\/script>\n<!-- \/ Yoast SEO plugin. -->","yoast_head_json":{"title":"Lettre adress\u00e9e au premier ministre Trudeau pour demander une direction f\u00e9d\u00e9rale pour la couverture des m\u00e9dicaments","robots":{"index":"index","follow":"follow","max-snippet":"max-snippet:-1","max-image-preview":"max-image-preview:large","max-video-preview":"max-video-preview:-1"},"canonical":"https:\/\/policyoptions.irpp.org\/fr\/2015\/11\/plus-de-300-universitaires-professionnelles-et-professionnels-de-la-sante-signent-la-lettre-adressee-au-premier-ministre-trudeau-sur-le-besoin-dune-direction-federale-pour-la-couverture\/","og_locale":"fr_FR","og_type":"article","og_title":"Lettre adress\u00e9e au premier ministre Trudeau pour demander une direction f\u00e9d\u00e9rale pour la couverture des m\u00e9dicaments","og_description":"Tous les pays d\u00e9velopp\u00e9s dot\u00e9s d\u2019un syst\u00e8me universel de soins de sant\u00e9 fournissent une couverture pour les m\u00e9dicaments\u2026 sauf le Canada. Les probl\u00e8mes associ\u00e9s \u00e0 la courtepointe incompl\u00e8te de r\u00e9gimes canadiens de m\u00e9dicaments priv\u00e9s et publics \u2013 notamment les vastes obstacles \u00e0 l\u2019acc\u00e8s aux m\u00e9dicaments sur ordonnance, d\u2019importants fardeaux financiers pour les patientes et patients [&hellip;]","og_url":"https:\/\/policyoptions.irpp.org\/fr\/2015\/11\/plus-de-300-universitaires-professionnelles-et-professionnels-de-la-sante-signent-la-lettre-adressee-au-premier-ministre-trudeau-sur-le-besoin-dune-direction-federale-pour-la-couverture\/","og_site_name":"Policy Options","article_publisher":"https:\/\/www.facebook.com\/IRPP.org","article_published_time":"2015-11-19T00:35:20+00:00","article_modified_time":"2025-08-28T19:23:19+00:00","og_image":[{"width":1993,"height":698,"url":"https:\/\/policyoptions.irpp.org\/wp-content\/uploads\/2025\/08\/Untitled-22.png","type":"image\/png"}],"author":"vkurzawa","twitter_card":"summary_large_image","twitter_creator":"@irpp","twitter_site":"@irpp","twitter_misc":{"Written by":"vkurzawa","Est. reading time":"36 minutes"},"schema":{"@context":"https:\/\/schema.org","@graph":[{"@type":"NewsArticle","@id":"https:\/\/policyoptions.irpp.org\/fr\/2015\/11\/plus-de-300-universitaires-professionnelles-et-professionnels-de-la-sante-signent-la-lettre-adressee-au-premier-ministre-trudeau-sur-le-besoin-dune-direction-federale-pour-la-couverture\/#article","isPartOf":{"@id":"https:\/\/policyoptions.irpp.org\/fr\/2015\/11\/plus-de-300-universitaires-professionnelles-et-professionnels-de-la-sante-signent-la-lettre-adressee-au-premier-ministre-trudeau-sur-le-besoin-dune-direction-federale-pour-la-couverture\/"},"author":{"name":"vkurzawa","@id":"https:\/\/policyoptions.irpp.org\/fr\/#\/schema\/person\/caa28d6bbc41d147877478e79aa84e6e"},"headline":"Lettre adress\u00e9e au premier ministre Trudeau pour demander une direction f\u00e9d\u00e9rale pour la couverture des m\u00e9dicaments","datePublished":"2015-11-19T00:35:20+00:00","dateModified":"2025-08-28T19:23:19+00:00","mainEntityOfPage":{"@id":"https:\/\/policyoptions.irpp.org\/fr\/2015\/11\/plus-de-300-universitaires-professionnelles-et-professionnels-de-la-sante-signent-la-lettre-adressee-au-premier-ministre-trudeau-sur-le-besoin-dune-direction-federale-pour-la-couverture\/"},"wordCount":7150,"image":{"@id":"https:\/\/policyoptions.irpp.org\/fr\/2015\/11\/plus-de-300-universitaires-professionnelles-et-professionnels-de-la-sante-signent-la-lettre-adressee-au-premier-ministre-trudeau-sur-le-besoin-dune-direction-federale-pour-la-couverture\/#primaryimage"},"thumbnailUrl":"https:\/\/policyoptions.irpp.org\/wp-content\/uploads\/2025\/08\/Untitled-22.png","inLanguage":"fr-FR"},{"@type":"WebPage","@id":"https:\/\/policyoptions.irpp.org\/fr\/2015\/11\/plus-de-300-universitaires-professionnelles-et-professionnels-de-la-sante-signent-la-lettre-adressee-au-premier-ministre-trudeau-sur-le-besoin-dune-direction-federale-pour-la-couverture\/","url":"https:\/\/policyoptions.irpp.org\/fr\/2015\/11\/plus-de-300-universitaires-professionnelles-et-professionnels-de-la-sante-signent-la-lettre-adressee-au-premier-ministre-trudeau-sur-le-besoin-dune-direction-federale-pour-la-couverture\/","name":"Lettre adress\u00e9e au premier ministre Trudeau pour demander une direction f\u00e9d\u00e9rale pour la couverture des m\u00e9dicaments","isPartOf":{"@id":"https:\/\/policyoptions.irpp.org\/fr\/#website"},"primaryImageOfPage":{"@id":"https:\/\/policyoptions.irpp.org\/fr\/2015\/11\/plus-de-300-universitaires-professionnelles-et-professionnels-de-la-sante-signent-la-lettre-adressee-au-premier-ministre-trudeau-sur-le-besoin-dune-direction-federale-pour-la-couverture\/#primaryimage"},"image":{"@id":"https:\/\/policyoptions.irpp.org\/fr\/2015\/11\/plus-de-300-universitaires-professionnelles-et-professionnels-de-la-sante-signent-la-lettre-adressee-au-premier-ministre-trudeau-sur-le-besoin-dune-direction-federale-pour-la-couverture\/#primaryimage"},"thumbnailUrl":"https:\/\/policyoptions.irpp.org\/wp-content\/uploads\/2025\/08\/Untitled-22.png","datePublished":"2015-11-19T00:35:20+00:00","dateModified":"2025-08-28T19:23:19+00:00","author":{"@id":"https:\/\/policyoptions.irpp.org\/fr\/#\/schema\/person\/caa28d6bbc41d147877478e79aa84e6e"},"breadcrumb":{"@id":"https:\/\/policyoptions.irpp.org\/fr\/2015\/11\/plus-de-300-universitaires-professionnelles-et-professionnels-de-la-sante-signent-la-lettre-adressee-au-premier-ministre-trudeau-sur-le-besoin-dune-direction-federale-pour-la-couverture\/#breadcrumb"},"inLanguage":"fr-FR","potentialAction":[{"@type":"ReadAction","target":["https:\/\/policyoptions.irpp.org\/fr\/2015\/11\/plus-de-300-universitaires-professionnelles-et-professionnels-de-la-sante-signent-la-lettre-adressee-au-premier-ministre-trudeau-sur-le-besoin-dune-direction-federale-pour-la-couverture\/"]}]},{"@type":"ImageObject","inLanguage":"fr-FR","@id":"https:\/\/policyoptions.irpp.org\/fr\/2015\/11\/plus-de-300-universitaires-professionnelles-et-professionnels-de-la-sante-signent-la-lettre-adressee-au-premier-ministre-trudeau-sur-le-besoin-dune-direction-federale-pour-la-couverture\/#primaryimage","url":"https:\/\/policyoptions.irpp.org\/wp-content\/uploads\/2025\/08\/Untitled-22.png","contentUrl":"https:\/\/policyoptions.irpp.org\/wp-content\/uploads\/2025\/08\/Untitled-22.png","width":1993,"height":698},{"@type":"BreadcrumbList","@id":"https:\/\/policyoptions.irpp.org\/fr\/2015\/11\/plus-de-300-universitaires-professionnelles-et-professionnels-de-la-sante-signent-la-lettre-adressee-au-premier-ministre-trudeau-sur-le-besoin-dune-direction-federale-pour-la-couverture\/#breadcrumb","itemListElement":[{"@type":"ListItem","position":1,"name":"Home","item":"https:\/\/policyoptions.irpp.org\/fr\/"},{"@type":"ListItem","position":2,"name":"Lettre adress\u00e9e au premier ministre Trudeau pour demander une direction f\u00e9d\u00e9rale pour la couverture des m\u00e9dicaments"}]},{"@type":"WebSite","@id":"https:\/\/policyoptions.irpp.org\/fr\/#website","url":"https:\/\/policyoptions.irpp.org\/fr\/","name":"Policy Options","description":"Institute for Research on Public Policy","potentialAction":[{"@type":"SearchAction","target":{"@type":"EntryPoint","urlTemplate":"https:\/\/policyoptions.irpp.org\/fr\/?s={search_term_string}"},"query-input":{"@type":"PropertyValueSpecification","valueRequired":true,"valueName":"search_term_string"}}],"inLanguage":"fr-FR"},{"@type":"Person","@id":"https:\/\/policyoptions.irpp.org\/fr\/#\/schema\/person\/caa28d6bbc41d147877478e79aa84e6e","name":"vkurzawa","image":{"@type":"ImageObject","inLanguage":"fr-FR","@id":"https:\/\/secure.gravatar.com\/avatar\/000fc191cb4be23411c2528f5429f16b0d72633aac55540779eff4743edb6867?s=96&d=https%3A%2F%2Fpolicyoptions.irpp.org%2Fwp-content%2Fthemes%2Fsimone-blog%2Fimages%2Fmysteryman.png&r=g","url":"https:\/\/secure.gravatar.com\/avatar\/000fc191cb4be23411c2528f5429f16b0d72633aac55540779eff4743edb6867?s=96&d=https%3A%2F%2Fpolicyoptions.irpp.org%2Fwp-content%2Fthemes%2Fsimone-blog%2Fimages%2Fmysteryman.png&r=g","contentUrl":"https:\/\/secure.gravatar.com\/avatar\/000fc191cb4be23411c2528f5429f16b0d72633aac55540779eff4743edb6867?s=96&d=https%3A%2F%2Fpolicyoptions.irpp.org%2Fwp-content%2Fthemes%2Fsimone-blog%2Fimages%2Fmysteryman.png&r=g","caption":"vkurzawa"},"url":"https:\/\/policyoptions.irpp.org\/fr\/author\/vkurzawa\/"}]}},"_links":{"self":[{"href":"https:\/\/policyoptions.irpp.org\/fr\/wp-json\/wp\/v2\/posts\/292411","targetHints":{"allow":["GET"]}}],"collection":[{"href":"https:\/\/policyoptions.irpp.org\/fr\/wp-json\/wp\/v2\/posts"}],"about":[{"href":"https:\/\/policyoptions.irpp.org\/fr\/wp-json\/wp\/v2\/types\/post"}],"author":[{"embeddable":true,"href":"https:\/\/policyoptions.irpp.org\/fr\/wp-json\/wp\/v2\/users\/913"}],"replies":[{"embeddable":true,"href":"https:\/\/policyoptions.irpp.org\/fr\/wp-json\/wp\/v2\/comments?post=292411"}],"version-history":[{"count":1,"href":"https:\/\/policyoptions.irpp.org\/fr\/wp-json\/wp\/v2\/posts\/292411\/revisions"}],"predecessor-version":[{"id":294798,"href":"https:\/\/policyoptions.irpp.org\/fr\/wp-json\/wp\/v2\/posts\/292411\/revisions\/294798"}],"wp:featuredmedia":[{"embeddable":true,"href":"https:\/\/policyoptions.irpp.org\/fr\/wp-json\/wp\/v2\/media\/292400"}],"wp:attachment":[{"href":"https:\/\/policyoptions.irpp.org\/fr\/wp-json\/wp\/v2\/media?parent=292411"}],"wp:term":[{"taxonomy":"category","embeddable":true,"href":"https:\/\/policyoptions.irpp.org\/fr\/wp-json\/wp\/v2\/categories?post=292411"},{"taxonomy":"post_tag","embeddable":true,"href":"https:\/\/policyoptions.irpp.org\/fr\/wp-json\/wp\/v2\/tags?post=292411"},{"taxonomy":"article-status","embeddable":true,"href":"https:\/\/policyoptions.irpp.org\/fr\/wp-json\/wp\/v2\/article-status?post=292411"},{"taxonomy":"irpp-category","embeddable":true,"href":"https:\/\/policyoptions.irpp.org\/fr\/wp-json\/wp\/v2\/irpp-category?post=292411"},{"taxonomy":"section","embeddable":true,"href":"https:\/\/policyoptions.irpp.org\/fr\/wp-json\/wp\/v2\/section?post=292411"},{"taxonomy":"irpp-tag","embeddable":true,"href":"https:\/\/policyoptions.irpp.org\/fr\/wp-json\/wp\/v2\/irpp-tag?post=292411"}],"curies":[{"name":"wp","href":"https:\/\/api.w.org\/{rel}","templated":true}]}}