{"id":291968,"date":"2015-10-05T19:35:02","date_gmt":"2015-10-05T23:35:02","guid":{"rendered":"https:\/\/policyoptions.irpp.org\/2015\/10\/les-chercheurs-canadiens-doivent-etre-plus-presents-dans-les-medias\/"},"modified":"2025-08-28T15:21:10","modified_gmt":"2025-08-28T19:21:10","slug":"les-chercheurs-canadiens-doivent-etre-plus-presents-dans-les-medias","status":"publish","type":"post","link":"https:\/\/policyoptions.irpp.org\/fr\/2015\/10\/les-chercheurs-canadiens-doivent-etre-plus-presents-dans-les-medias\/","title":{"rendered":"Les chercheurs canadiens doivent \u00eatre plus pr\u00e9sents dans les m\u00e9dias"},"content":{"rendered":"<p class=\"dropcap-big\">Au moment o\u00f9 plusieurs scientifiques se disent musel\u00e9s par leur employeur et par le gouvernement, plusieurs d\u2019entres eux \u00e9vitent les sorties m\u00e9diatiques. Mais, certains chercheurs plaident aupr\u00e8s de leurs pairs pour qu\u2019ils prennent leur place dans les m\u00e9dias afin de r\u00e9duire l\u2019influence des groupes de pression et des lobbyistes.<\/p>\n<p>\u00ab La communaut\u00e9 scientifique est une partie importante d\u2019une soci\u00e9t\u00e9 ouverte, qui donne plus d\u2019importance \u00e0 la v\u00e9rit\u00e9 qu\u2019aux int\u00e9r\u00eats. Il est temps que les chercheurs prennent davantage part au d\u00e9bat public \u00bb, estime Damien Contandriopoulous, professeur \u00e0 la Facult\u00e9 des sciences infirmi\u00e8res de l\u2019Universit\u00e9 de Montr\u00e9al et chercheur \u00e0 l\u2019Institut de recherche en sant\u00e9 publique de l\u2019Universit\u00e9 de Montr\u00e9al.<\/p>\n<p>Trop souvent, le d\u00e9bat entourant la sant\u00e9 ou les sciences est biais\u00e9 et de nombreuses d\u00e9cisions politiques sont prises sans r\u00e9ellement tenir compte des donn\u00e9es probantes, a d\u00e9nonc\u00e9 M. Contandriopoulous lors d\u2019un panel qu\u2019il a organis\u00e9 sur l\u2019interd\u00e9pendance entre les m\u00e9dias et chercheurs. Si les lobbyistes et groupes des pression disposent d\u2019importantes ressources pour faire passer leur message et sont surrepr\u00e9sent\u00e9s dans les m\u00e9dias, la communaut\u00e9 scientifique a le pouvoir d\u2019\u00eatre entendue, croit-il.<\/p>\n<p>\u00ab Je suis d\u00e9courag\u00e9 de voir comment les lobbyistes fa\u00e7onnent l\u2019agenda politique en publiant des rapports dans le but d\u2019influencer l\u2019opinion publique \u00bb, affirme Marc-Andr\u00e9 Gagnon, professeur et chercheur \u00e0 la School of Public Policy and Administration de l\u2019Universit\u00e9 Carlton.<\/p>\n<p>\u00ab Mon r\u00f4le en tant que chercheur est de rapporter les faits et de m\u2019assurer que les d\u00e9cisions politiques soient prises en tenant compte de donn\u00e9es probantes.\u00bb<\/p>\n<p>Trop peu d\u2019\u00e9tudes scientifiques sont m\u00e9diatis\u00e9es et la majorit\u00e9 des gens ne lisent pas les revues scientifiques, rappelle Damien Contandriopoulos. Les chercheurs ont la responsabilit\u00e9 de faire conna\u00eetre leur travail et leurs id\u00e9es au grand public, et non seulement aux autres scientifiques.<\/p>\n<p><strong>La rapidit\u00e9 de la nouvelle<\/strong><\/p>\n<p>L\u2019actualit\u00e9 bouge \u00e0 une vitesse fr\u00e9n\u00e9tique et les chercheurs h\u00e9sitent lorsqu\u2019on leur demande de r\u00e9sumer des ann\u00e9es de travail en deux minutes. Ajoutez \u00e0 cela des services de relations publiques qui contr\u00f4lent le message et des chercheurs qui n\u2019aiment pas les cam\u00e9ras, et voil\u00e0, en partie, pourquoi les \u00e9tudes de nombreux de chercheurs sont noy\u00e9s dans une mer d\u2019information.<\/p>\n<p>Les chercheurs n\u2019ont peut-\u00eatre acc\u00e8s aux m\u00eames ressources que les lobbyistes pour attirer l\u2019attention. Mais les deux chercheurs encouragent leurs pairs \u00e0 envoyer des communiqu\u00e9s de presse, \u00e0 \u00e9crire des textes d\u2019opinion, \u00e0 discuter sur les r\u00e9seaux sociaux ou \u00e0 envoyer un courriel \u00e0 un journaliste ou \u00e0 leur journal local. Par exemple, Marc-Andr\u00e9 Gagnon obtient de l\u2019aide d\u2019Evidence Network, un organisme non-partisan qui fait le lien entre les experts en sant\u00e9 publique et les m\u00e9dias. \u00ab Ils m\u2019aident \u00e0 \u00e9diter mes textes et ont les ressources pour diffuser mes id\u00e9es dans tous les grands m\u00e9dias, ce que je ne r\u00e9ussirais pas \u00e0 faire. \u00bb<\/p>\n<p>Prendre le temps d\u2019expliquer, de fa\u00e7on non-abstraite, pourquoi les donn\u00e9es probantes sont essentielles est la meilleure fa\u00e7on de contrer les informations biais\u00e9es et ainsi avoir une r\u00e9elle influence.<\/p>\n<p>\u00c9tablir une relation avec un journaliste ou un m\u00e9dia n\u2019est pas facile, mais les chercheurs doivent s\u2019y mettre, sans quoi le public ne pourra jamais se faire une opinion juste.<\/p>\n<p><strong>Se battre contre des id\u00e9es \u00ab mortes-vivantes \u00bb<\/strong><\/p>\n<p>Si faire valoir ses id\u00e9es dans les m\u00e9dias peut semble comme une bataille de David contre Goliath, les chercheurs ne doivent pas se d\u00e9courager, disent Marc-Andr\u00e9 Gagnon et Damien Contandriopoulos. Il ne faut pas h\u00e9siter \u00e0 r\u00e9p\u00e9ter son message ad nauseum afin de contrer les informations erron\u00e9es qui circulent d\u00e9j\u00e0.<\/p>\n<p>Damien Contandriopoulos aime comparer cet exercice \u00e0 une bataille avec des morts-vivant, une id\u00e9e qu\u2019il reprend de Morris L. Barer, un chercheur en sant\u00e9 publique. \u00ab Peu importe le nombre de fois qu\u2019une id\u00e9e est prouv\u00e9e comme \u00e9tant fausse, elle revient \u00e0 la vie, fois apr\u00e8s fois, comme des morts-vivants. Et \u00e7a continue, parce qu\u2019il y a toujours quelqu\u2019un avec certains int\u00e9r\u00eats, qui continue de pousser l\u2019id\u00e9e \u00e0 l\u2019avant-plan. M\u00eame s\u2019il s\u2019agit d\u2019une bataille \u00e0 long-terme, en tant que chercheur financ\u00e9 publiquement, c\u2019est notre devoir de faire valoir la v\u00e9rit\u00e9. \u00bb<\/p>\n<p><strong>Attention aux experts \u00ab touche-\u00e0-tout \u00bb<\/strong><\/p>\n<p>L\u2019affaire Bugingo a soulev\u00e9 de nombreuses questions quant \u00e0 la v\u00e9racit\u00e9 des propos de journalistes, commentateurs et experts. Qui contre-v\u00e9rifie tous les faits des experts qui commentent \u00e0 chaud l\u2019actualit\u00e9?<\/p>\n<p>Trop souvent, les m\u00e9dias s\u2019accrochent \u00e0 certains experts simplement parce qu\u2019ils communiquent bien. Mais quelle est l\u2019utilit\u00e9 d\u2019avoir un expert qui analyse un rapport qu\u2019il n\u2019a pas lu ou qui commente un sujet qui est hors de son champ de comp\u00e9tence? demande Marc-Andr\u00e9 Gagnon.<\/p>\n<p>\u00ab Le but n\u2019est pas de voir des chercheurs partout dans les m\u00e9dias, c\u2019est plut\u00f4t d\u2019aider \u00e0 construire un d\u00e9bat public plus rationnel sur divers enjeux sociaux \u00bb, ajoute-t-il.<\/p>\n<p>C\u2019est pourquoi ces deux chercheurs disent aux scientifiques qu\u2019il est grand temps d\u2019apprivoiser le cirque m\u00e9diatique afin de s\u2019assurer que le d\u00e9bat public ne soit pas seulement bas\u00e9 sur des messages bien ficel\u00e9s par les relations publiques.<\/p>\n<p>\u00c9coutez le d\u00e9bat (en fran\u00e7ais) (audio)<\/p>\n<p><iframe title=\"Conf\u00e9rence : les d\u00e9fis de l\u2019interd\u00e9pendance entre chercheurs et journalistes\" width=\"800\" height=\"450\" src=\"https:\/\/www.youtube.com\/embed\/c82kf1mpASA?feature=oembed\" frameborder=\"0\" allow=\"accelerometer; autoplay; clipboard-write; encrypted-media; gyroscope; picture-in-picture; web-share\" referrerpolicy=\"strict-origin-when-cross-origin\" allowfullscreen><\/iframe><\/p>\n","protected":false},"excerpt":{"rendered":"<p>Au moment o\u00f9 plusieurs scientifiques se disent musel\u00e9s par leur employeur et par le gouvernement, plusieurs d\u2019entres eux \u00e9vitent les sorties m\u00e9diatiques. Mais, certains chercheurs plaident aupr\u00e8s de leurs pairs pour qu\u2019ils prennent leur place dans les m\u00e9dias afin de r\u00e9duire l\u2019influence des groupes de pression et des lobbyistes. \u00ab La communaut\u00e9 scientifique est une [&hellip;]<\/p>\n","protected":false},"author":889,"featured_media":272267,"comment_status":"closed","ping_status":"closed","sticky":false,"template":"","format":"standard","meta":{"_acf_changed":false,"content-type":"","ep_exclude_from_search":false,"footnotes":""},"categories":[],"tags":[],"article-status":[],"irpp-category":[],"section":[],"irpp-tag":[],"class_list":["post-291968","post","type-post","status-publish","format-standard","has-post-thumbnail","hentry"],"acf":[],"yoast_head":"<!-- This site is optimized with the Yoast SEO plugin v27.4 - https:\/\/yoast.com\/product\/yoast-seo-wordpress\/ -->\n<title>Les chercheurs canadiens doivent \u00eatre plus pr\u00e9sents dans les m\u00e9dias<\/title>\n<meta name=\"robots\" content=\"index, follow, max-snippet:-1, max-image-preview:large, max-video-preview:-1\" \/>\n<link rel=\"canonical\" href=\"https:\/\/policyoptions.irpp.org\/fr\/2015\/10\/les-chercheurs-canadiens-doivent-etre-plus-presents-dans-les-medias\/\" \/>\n<meta property=\"og:locale\" content=\"fr_FR\" \/>\n<meta property=\"og:type\" content=\"article\" \/>\n<meta property=\"og:title\" content=\"Les chercheurs canadiens doivent \u00eatre plus pr\u00e9sents dans les m\u00e9dias\" \/>\n<meta property=\"og:description\" content=\"Au moment o\u00f9 plusieurs scientifiques se disent musel\u00e9s par leur employeur et par le gouvernement, plusieurs d\u2019entres eux \u00e9vitent les sorties m\u00e9diatiques. Mais, certains chercheurs plaident aupr\u00e8s de leurs pairs pour qu\u2019ils prennent leur place dans les m\u00e9dias afin de r\u00e9duire l\u2019influence des groupes de pression et des lobbyistes. \u00ab La communaut\u00e9 scientifique est une [&hellip;]\" \/>\n<meta property=\"og:url\" content=\"https:\/\/policyoptions.irpp.org\/fr\/2015\/10\/les-chercheurs-canadiens-doivent-etre-plus-presents-dans-les-medias\/\" \/>\n<meta property=\"og:site_name\" content=\"Policy Options\" \/>\n<meta property=\"article:publisher\" content=\"https:\/\/www.facebook.com\/IRPP.org\" \/>\n<meta property=\"article:published_time\" content=\"2015-10-05T23:35:02+00:00\" \/>\n<meta property=\"article:modified_time\" content=\"2025-08-28T19:21:10+00:00\" \/>\n<meta property=\"og:image\" content=\"https:\/\/policyoptions.irpp.org\/wp-content\/uploads\/2025\/08\/media.jpg\" \/>\n\t<meta property=\"og:image:width\" content=\"2000\" \/>\n\t<meta property=\"og:image:height\" content=\"700\" \/>\n\t<meta property=\"og:image:type\" content=\"image\/jpeg\" \/>\n<meta name=\"author\" content=\"brian\" \/>\n<meta name=\"twitter:card\" content=\"summary_large_image\" \/>\n<meta name=\"twitter:creator\" content=\"@irpp\" \/>\n<meta name=\"twitter:site\" content=\"@irpp\" \/>\n<meta name=\"twitter:label1\" content=\"Written by\" \/>\n\t<meta name=\"twitter:data1\" content=\"brian\" \/>\n\t<meta name=\"twitter:label2\" content=\"Est. reading time\" \/>\n\t<meta name=\"twitter:data2\" content=\"5 minutes\" \/>\n<script type=\"application\/ld+json\" class=\"yoast-schema-graph\">{\"@context\":\"https:\\\/\\\/schema.org\",\"@graph\":[{\"@type\":\"NewsArticle\",\"@id\":\"https:\\\/\\\/policyoptions.irpp.org\\\/fr\\\/2015\\\/10\\\/les-chercheurs-canadiens-doivent-etre-plus-presents-dans-les-medias\\\/#article\",\"isPartOf\":{\"@id\":\"https:\\\/\\\/policyoptions.irpp.org\\\/fr\\\/2015\\\/10\\\/les-chercheurs-canadiens-doivent-etre-plus-presents-dans-les-medias\\\/\"},\"author\":{\"name\":\"brian\",\"@id\":\"https:\\\/\\\/policyoptions.irpp.org\\\/fr\\\/#\\\/schema\\\/person\\\/ef547e06379c238754b30ca3e8e47a53\"},\"headline\":\"Les chercheurs canadiens doivent \u00eatre plus pr\u00e9sents dans les m\u00e9dias\",\"datePublished\":\"2015-10-05T23:35:02+00:00\",\"dateModified\":\"2025-08-28T19:21:10+00:00\",\"mainEntityOfPage\":{\"@id\":\"https:\\\/\\\/policyoptions.irpp.org\\\/fr\\\/2015\\\/10\\\/les-chercheurs-canadiens-doivent-etre-plus-presents-dans-les-medias\\\/\"},\"wordCount\":943,\"image\":{\"@id\":\"https:\\\/\\\/policyoptions.irpp.org\\\/fr\\\/2015\\\/10\\\/les-chercheurs-canadiens-doivent-etre-plus-presents-dans-les-medias\\\/#primaryimage\"},\"thumbnailUrl\":\"https:\\\/\\\/policyoptions.irpp.org\\\/wp-content\\\/uploads\\\/2025\\\/08\\\/media.jpg\",\"inLanguage\":\"fr-FR\"},{\"@type\":\"WebPage\",\"@id\":\"https:\\\/\\\/policyoptions.irpp.org\\\/fr\\\/2015\\\/10\\\/les-chercheurs-canadiens-doivent-etre-plus-presents-dans-les-medias\\\/\",\"url\":\"https:\\\/\\\/policyoptions.irpp.org\\\/fr\\\/2015\\\/10\\\/les-chercheurs-canadiens-doivent-etre-plus-presents-dans-les-medias\\\/\",\"name\":\"Les chercheurs canadiens doivent \u00eatre plus pr\u00e9sents dans les m\u00e9dias\",\"isPartOf\":{\"@id\":\"https:\\\/\\\/policyoptions.irpp.org\\\/fr\\\/#website\"},\"primaryImageOfPage\":{\"@id\":\"https:\\\/\\\/policyoptions.irpp.org\\\/fr\\\/2015\\\/10\\\/les-chercheurs-canadiens-doivent-etre-plus-presents-dans-les-medias\\\/#primaryimage\"},\"image\":{\"@id\":\"https:\\\/\\\/policyoptions.irpp.org\\\/fr\\\/2015\\\/10\\\/les-chercheurs-canadiens-doivent-etre-plus-presents-dans-les-medias\\\/#primaryimage\"},\"thumbnailUrl\":\"https:\\\/\\\/policyoptions.irpp.org\\\/wp-content\\\/uploads\\\/2025\\\/08\\\/media.jpg\",\"datePublished\":\"2015-10-05T23:35:02+00:00\",\"dateModified\":\"2025-08-28T19:21:10+00:00\",\"author\":{\"@id\":\"https:\\\/\\\/policyoptions.irpp.org\\\/fr\\\/#\\\/schema\\\/person\\\/ef547e06379c238754b30ca3e8e47a53\"},\"breadcrumb\":{\"@id\":\"https:\\\/\\\/policyoptions.irpp.org\\\/fr\\\/2015\\\/10\\\/les-chercheurs-canadiens-doivent-etre-plus-presents-dans-les-medias\\\/#breadcrumb\"},\"inLanguage\":\"fr-FR\",\"potentialAction\":[{\"@type\":\"ReadAction\",\"target\":[\"https:\\\/\\\/policyoptions.irpp.org\\\/fr\\\/2015\\\/10\\\/les-chercheurs-canadiens-doivent-etre-plus-presents-dans-les-medias\\\/\"]}]},{\"@type\":\"ImageObject\",\"inLanguage\":\"fr-FR\",\"@id\":\"https:\\\/\\\/policyoptions.irpp.org\\\/fr\\\/2015\\\/10\\\/les-chercheurs-canadiens-doivent-etre-plus-presents-dans-les-medias\\\/#primaryimage\",\"url\":\"https:\\\/\\\/policyoptions.irpp.org\\\/wp-content\\\/uploads\\\/2025\\\/08\\\/media.jpg\",\"contentUrl\":\"https:\\\/\\\/policyoptions.irpp.org\\\/wp-content\\\/uploads\\\/2025\\\/08\\\/media.jpg\",\"width\":2000,\"height\":700},{\"@type\":\"BreadcrumbList\",\"@id\":\"https:\\\/\\\/policyoptions.irpp.org\\\/fr\\\/2015\\\/10\\\/les-chercheurs-canadiens-doivent-etre-plus-presents-dans-les-medias\\\/#breadcrumb\",\"itemListElement\":[{\"@type\":\"ListItem\",\"position\":1,\"name\":\"Home\",\"item\":\"https:\\\/\\\/policyoptions.irpp.org\\\/fr\\\/\"},{\"@type\":\"ListItem\",\"position\":2,\"name\":\"Les chercheurs canadiens doivent \u00eatre plus pr\u00e9sents dans les m\u00e9dias\"}]},{\"@type\":\"WebSite\",\"@id\":\"https:\\\/\\\/policyoptions.irpp.org\\\/fr\\\/#website\",\"url\":\"https:\\\/\\\/policyoptions.irpp.org\\\/fr\\\/\",\"name\":\"Policy Options\",\"description\":\"Institute for Research on Public Policy\",\"potentialAction\":[{\"@type\":\"SearchAction\",\"target\":{\"@type\":\"EntryPoint\",\"urlTemplate\":\"https:\\\/\\\/policyoptions.irpp.org\\\/fr\\\/?s={search_term_string}\"},\"query-input\":{\"@type\":\"PropertyValueSpecification\",\"valueRequired\":true,\"valueName\":\"search_term_string\"}}],\"inLanguage\":\"fr-FR\"},{\"@type\":\"Person\",\"@id\":\"https:\\\/\\\/policyoptions.irpp.org\\\/fr\\\/#\\\/schema\\\/person\\\/ef547e06379c238754b30ca3e8e47a53\",\"name\":\"brian\",\"image\":{\"@type\":\"ImageObject\",\"inLanguage\":\"fr-FR\",\"@id\":\"https:\\\/\\\/secure.gravatar.com\\\/avatar\\\/0b9b3049d1a576f7e82f588a18a38f00e8c51fe4400711c6ac7e82233be3bdd1?s=96&d=https%3A%2F%2Fpolicyoptions.irpp.org%2Fwp-content%2Fthemes%2Fsimone-blog%2Fimages%2Fmysteryman.png&r=g\",\"url\":\"https:\\\/\\\/secure.gravatar.com\\\/avatar\\\/0b9b3049d1a576f7e82f588a18a38f00e8c51fe4400711c6ac7e82233be3bdd1?s=96&d=https%3A%2F%2Fpolicyoptions.irpp.org%2Fwp-content%2Fthemes%2Fsimone-blog%2Fimages%2Fmysteryman.png&r=g\",\"contentUrl\":\"https:\\\/\\\/secure.gravatar.com\\\/avatar\\\/0b9b3049d1a576f7e82f588a18a38f00e8c51fe4400711c6ac7e82233be3bdd1?s=96&d=https%3A%2F%2Fpolicyoptions.irpp.org%2Fwp-content%2Fthemes%2Fsimone-blog%2Fimages%2Fmysteryman.png&r=g\",\"caption\":\"brian\"},\"url\":\"https:\\\/\\\/policyoptions.irpp.org\\\/fr\\\/author\\\/brian\\\/\"}]}<\/script>\n<!-- \/ Yoast SEO plugin. -->","yoast_head_json":{"title":"Les chercheurs canadiens doivent \u00eatre plus pr\u00e9sents dans les m\u00e9dias","robots":{"index":"index","follow":"follow","max-snippet":"max-snippet:-1","max-image-preview":"max-image-preview:large","max-video-preview":"max-video-preview:-1"},"canonical":"https:\/\/policyoptions.irpp.org\/fr\/2015\/10\/les-chercheurs-canadiens-doivent-etre-plus-presents-dans-les-medias\/","og_locale":"fr_FR","og_type":"article","og_title":"Les chercheurs canadiens doivent \u00eatre plus pr\u00e9sents dans les m\u00e9dias","og_description":"Au moment o\u00f9 plusieurs scientifiques se disent musel\u00e9s par leur employeur et par le gouvernement, plusieurs d\u2019entres eux \u00e9vitent les sorties m\u00e9diatiques. Mais, certains chercheurs plaident aupr\u00e8s de leurs pairs pour qu\u2019ils prennent leur place dans les m\u00e9dias afin de r\u00e9duire l\u2019influence des groupes de pression et des lobbyistes. \u00ab La communaut\u00e9 scientifique est une [&hellip;]","og_url":"https:\/\/policyoptions.irpp.org\/fr\/2015\/10\/les-chercheurs-canadiens-doivent-etre-plus-presents-dans-les-medias\/","og_site_name":"Policy Options","article_publisher":"https:\/\/www.facebook.com\/IRPP.org","article_published_time":"2015-10-05T23:35:02+00:00","article_modified_time":"2025-08-28T19:21:10+00:00","og_image":[{"width":2000,"height":700,"url":"https:\/\/policyoptions.irpp.org\/wp-content\/uploads\/2025\/08\/media.jpg","type":"image\/jpeg"}],"author":"brian","twitter_card":"summary_large_image","twitter_creator":"@irpp","twitter_site":"@irpp","twitter_misc":{"Written by":"brian","Est. reading time":"5 minutes"},"schema":{"@context":"https:\/\/schema.org","@graph":[{"@type":"NewsArticle","@id":"https:\/\/policyoptions.irpp.org\/fr\/2015\/10\/les-chercheurs-canadiens-doivent-etre-plus-presents-dans-les-medias\/#article","isPartOf":{"@id":"https:\/\/policyoptions.irpp.org\/fr\/2015\/10\/les-chercheurs-canadiens-doivent-etre-plus-presents-dans-les-medias\/"},"author":{"name":"brian","@id":"https:\/\/policyoptions.irpp.org\/fr\/#\/schema\/person\/ef547e06379c238754b30ca3e8e47a53"},"headline":"Les chercheurs canadiens doivent \u00eatre plus pr\u00e9sents dans les m\u00e9dias","datePublished":"2015-10-05T23:35:02+00:00","dateModified":"2025-08-28T19:21:10+00:00","mainEntityOfPage":{"@id":"https:\/\/policyoptions.irpp.org\/fr\/2015\/10\/les-chercheurs-canadiens-doivent-etre-plus-presents-dans-les-medias\/"},"wordCount":943,"image":{"@id":"https:\/\/policyoptions.irpp.org\/fr\/2015\/10\/les-chercheurs-canadiens-doivent-etre-plus-presents-dans-les-medias\/#primaryimage"},"thumbnailUrl":"https:\/\/policyoptions.irpp.org\/wp-content\/uploads\/2025\/08\/media.jpg","inLanguage":"fr-FR"},{"@type":"WebPage","@id":"https:\/\/policyoptions.irpp.org\/fr\/2015\/10\/les-chercheurs-canadiens-doivent-etre-plus-presents-dans-les-medias\/","url":"https:\/\/policyoptions.irpp.org\/fr\/2015\/10\/les-chercheurs-canadiens-doivent-etre-plus-presents-dans-les-medias\/","name":"Les chercheurs canadiens doivent \u00eatre plus pr\u00e9sents dans les m\u00e9dias","isPartOf":{"@id":"https:\/\/policyoptions.irpp.org\/fr\/#website"},"primaryImageOfPage":{"@id":"https:\/\/policyoptions.irpp.org\/fr\/2015\/10\/les-chercheurs-canadiens-doivent-etre-plus-presents-dans-les-medias\/#primaryimage"},"image":{"@id":"https:\/\/policyoptions.irpp.org\/fr\/2015\/10\/les-chercheurs-canadiens-doivent-etre-plus-presents-dans-les-medias\/#primaryimage"},"thumbnailUrl":"https:\/\/policyoptions.irpp.org\/wp-content\/uploads\/2025\/08\/media.jpg","datePublished":"2015-10-05T23:35:02+00:00","dateModified":"2025-08-28T19:21:10+00:00","author":{"@id":"https:\/\/policyoptions.irpp.org\/fr\/#\/schema\/person\/ef547e06379c238754b30ca3e8e47a53"},"breadcrumb":{"@id":"https:\/\/policyoptions.irpp.org\/fr\/2015\/10\/les-chercheurs-canadiens-doivent-etre-plus-presents-dans-les-medias\/#breadcrumb"},"inLanguage":"fr-FR","potentialAction":[{"@type":"ReadAction","target":["https:\/\/policyoptions.irpp.org\/fr\/2015\/10\/les-chercheurs-canadiens-doivent-etre-plus-presents-dans-les-medias\/"]}]},{"@type":"ImageObject","inLanguage":"fr-FR","@id":"https:\/\/policyoptions.irpp.org\/fr\/2015\/10\/les-chercheurs-canadiens-doivent-etre-plus-presents-dans-les-medias\/#primaryimage","url":"https:\/\/policyoptions.irpp.org\/wp-content\/uploads\/2025\/08\/media.jpg","contentUrl":"https:\/\/policyoptions.irpp.org\/wp-content\/uploads\/2025\/08\/media.jpg","width":2000,"height":700},{"@type":"BreadcrumbList","@id":"https:\/\/policyoptions.irpp.org\/fr\/2015\/10\/les-chercheurs-canadiens-doivent-etre-plus-presents-dans-les-medias\/#breadcrumb","itemListElement":[{"@type":"ListItem","position":1,"name":"Home","item":"https:\/\/policyoptions.irpp.org\/fr\/"},{"@type":"ListItem","position":2,"name":"Les chercheurs canadiens doivent \u00eatre plus pr\u00e9sents dans les m\u00e9dias"}]},{"@type":"WebSite","@id":"https:\/\/policyoptions.irpp.org\/fr\/#website","url":"https:\/\/policyoptions.irpp.org\/fr\/","name":"Policy Options","description":"Institute for Research on Public Policy","potentialAction":[{"@type":"SearchAction","target":{"@type":"EntryPoint","urlTemplate":"https:\/\/policyoptions.irpp.org\/fr\/?s={search_term_string}"},"query-input":{"@type":"PropertyValueSpecification","valueRequired":true,"valueName":"search_term_string"}}],"inLanguage":"fr-FR"},{"@type":"Person","@id":"https:\/\/policyoptions.irpp.org\/fr\/#\/schema\/person\/ef547e06379c238754b30ca3e8e47a53","name":"brian","image":{"@type":"ImageObject","inLanguage":"fr-FR","@id":"https:\/\/secure.gravatar.com\/avatar\/0b9b3049d1a576f7e82f588a18a38f00e8c51fe4400711c6ac7e82233be3bdd1?s=96&d=https%3A%2F%2Fpolicyoptions.irpp.org%2Fwp-content%2Fthemes%2Fsimone-blog%2Fimages%2Fmysteryman.png&r=g","url":"https:\/\/secure.gravatar.com\/avatar\/0b9b3049d1a576f7e82f588a18a38f00e8c51fe4400711c6ac7e82233be3bdd1?s=96&d=https%3A%2F%2Fpolicyoptions.irpp.org%2Fwp-content%2Fthemes%2Fsimone-blog%2Fimages%2Fmysteryman.png&r=g","contentUrl":"https:\/\/secure.gravatar.com\/avatar\/0b9b3049d1a576f7e82f588a18a38f00e8c51fe4400711c6ac7e82233be3bdd1?s=96&d=https%3A%2F%2Fpolicyoptions.irpp.org%2Fwp-content%2Fthemes%2Fsimone-blog%2Fimages%2Fmysteryman.png&r=g","caption":"brian"},"url":"https:\/\/policyoptions.irpp.org\/fr\/author\/brian\/"}]}},"_links":{"self":[{"href":"https:\/\/policyoptions.irpp.org\/fr\/wp-json\/wp\/v2\/posts\/291968","targetHints":{"allow":["GET"]}}],"collection":[{"href":"https:\/\/policyoptions.irpp.org\/fr\/wp-json\/wp\/v2\/posts"}],"about":[{"href":"https:\/\/policyoptions.irpp.org\/fr\/wp-json\/wp\/v2\/types\/post"}],"author":[{"embeddable":true,"href":"https:\/\/policyoptions.irpp.org\/fr\/wp-json\/wp\/v2\/users\/889"}],"replies":[{"embeddable":true,"href":"https:\/\/policyoptions.irpp.org\/fr\/wp-json\/wp\/v2\/comments?post=291968"}],"version-history":[{"count":1,"href":"https:\/\/policyoptions.irpp.org\/fr\/wp-json\/wp\/v2\/posts\/291968\/revisions"}],"predecessor-version":[{"id":294597,"href":"https:\/\/policyoptions.irpp.org\/fr\/wp-json\/wp\/v2\/posts\/291968\/revisions\/294597"}],"wp:featuredmedia":[{"embeddable":true,"href":"https:\/\/policyoptions.irpp.org\/fr\/wp-json\/wp\/v2\/media\/272267"}],"wp:attachment":[{"href":"https:\/\/policyoptions.irpp.org\/fr\/wp-json\/wp\/v2\/media?parent=291968"}],"wp:term":[{"taxonomy":"category","embeddable":true,"href":"https:\/\/policyoptions.irpp.org\/fr\/wp-json\/wp\/v2\/categories?post=291968"},{"taxonomy":"post_tag","embeddable":true,"href":"https:\/\/policyoptions.irpp.org\/fr\/wp-json\/wp\/v2\/tags?post=291968"},{"taxonomy":"article-status","embeddable":true,"href":"https:\/\/policyoptions.irpp.org\/fr\/wp-json\/wp\/v2\/article-status?post=291968"},{"taxonomy":"irpp-category","embeddable":true,"href":"https:\/\/policyoptions.irpp.org\/fr\/wp-json\/wp\/v2\/irpp-category?post=291968"},{"taxonomy":"section","embeddable":true,"href":"https:\/\/policyoptions.irpp.org\/fr\/wp-json\/wp\/v2\/section?post=291968"},{"taxonomy":"irpp-tag","embeddable":true,"href":"https:\/\/policyoptions.irpp.org\/fr\/wp-json\/wp\/v2\/irpp-tag?post=291968"}],"curies":[{"name":"wp","href":"https:\/\/api.w.org\/{rel}","templated":true}]}}